{"id":409,"date":"2019-06-12T11:06:41","date_gmt":"2019-06-12T11:06:41","guid":{"rendered":"http:\/\/www.proersa.com\/fra\/?p=409"},"modified":"2020-11-18T11:08:04","modified_gmt":"2020-11-18T11:08:04","slug":"fabrication-mousse-a-raser","status":"publish","type":"post","link":"https:\/\/www.proersa.com\/fra\/fabrication-mousse-a-raser\/","title":{"rendered":"Comparatif entre la fabrication mousse a raser et gel de rasage"},"content":{"rendered":"<h1>Comparatif entre la fabrication mousse a raser et gel de rasage<\/h1>\n<p>Fabrication mousse a raser &#8211; Le march\u00e9 du rasage est en plein renouveau avec la popularisation du ph\u00e9nom\u00e8ne hipster. Beaucoup de nouveaux concepts d\u2019entreprises ont r\u00e9ussi \u00e0 se cr\u00e9er une place sur ce secteur. Les ouvertures de barber shop fleurissent dans les centre-villes et sont le reflet le plus \u00e9vident de cette nouvelle tendance. Mais il y a aussi des produits retrouvent une nouvelle jeunesse : les blaireaux, les rasoirs coupe-choux pour revenir \u00e0 des m\u00e9thodes de rasage plus traditionnel. Il y a aussi toute une gamme de nouveaux produits pour l\u2019apr\u00e8s-rasage, mais aussi l\u2019entretien de la barbe (huile a barbe, etc\u2026)<\/p>\n<p>Cet article est tout particuli\u00e8rement destin\u00e9 aux personnes en charge de projet de nouveaux produits en a\u00e9rosol, ou \u00e0 la recherche de nouveaux fournisseurs en a\u00e9rosol.<br \/>\nAvec cet article, vous apprendrez les crit\u00e8res \u00e0 privil\u00e9gier pour choisir entre une mousse et un gel de rasage. Vous verrez aussi le process de conditionnement pour ces 2 produits<\/p>\n<p>Car quand on parle de rasage et de grooming, l\u2019incontournable des trousses de toilettes masculine est bel et bien la mousse \u00e0 raser. En effet, cette derni\u00e8re offre des avantages incontournables\u00a0:<br \/>\n&#8211; Nomade\u00a0: on peut l\u2019emporter partout<br \/>\n&#8211; Facile\u00a0d\u2019utilisation\u00a0: on appuie sur la bombe, la mousse ou le gel sort et il n\u2019y a plus qu\u2019\u00e0 le passer sur la peau<\/p>\n<h2>Quelles formules pour la fabrication des mousse a raser et gels de rasage ?<\/h2>\n<p>Les formules des gels de rasage et des mousses \u00e0 raser sont au minimum un assemblage de 7 mati\u00e8res premi\u00e8res, qui offrent ensuite une plateforme pour ajouter d\u2019autres mati\u00e8res premi\u00e8res en fonction de l\u2019action que vous voulez que la formule ait.<\/p>\n<p>Il faut notamment penser aux types de peaux et barbes auxquels vous vous adressez, on peut en distinguer 2\u00a0: peaux normales, peaux sensibles et\/ou barbe difficile.<\/p>\n<p>Ensuite, il faut penser aux type de rasage que vous voulez proposer\u00a0: rasage de pr\u00e8s, ou entretien de la barbe.<\/p>\n<p>Par exemple, on pourra int\u00e9grer dans la formule de l\u2019aloe vera pour hydrater la peau et qui facilitera aussi la glisse du rasoir. Tr\u00e8s recommand\u00e9 pour les peaux sensibles pour \u00e9viter tous les risques de coupure et d\u2019irritation.<\/p>\n<p>On pourra penser aussi a la camomille et \u00e0 la vitamine E pour assouplir le poil lors du passage du rasoir, pour les barbes difficiles et les peaux sensibles.<\/p>\n<h2>Comment choisir entre la mousse \u00e0 raser et le gel de rasage\u00a0? Quelles sont les diff\u00e9rences\u00a0?<\/h2>\n<p>La diff\u00e9rence vient principalement du conditionnement. La mousse est un a\u00e9rosol traditionnel avec du concentr\u00e9 et du gaz \u00e0 l\u2019int\u00e9rieur (un m\u00e9lange butane \/ propane).<\/p>\n<p>Dans le cas du gel de rasage, nous sommes sur un conditionnement BOV, plus connu sous le terme de Bag-on-Valve.<\/p>\n<figure id=\"attachment_312\" aria-describedby=\"caption-attachment-312\" style=\"width: 300px\" class=\"wp-caption alignleft\"><img loading=\"lazy\" decoding=\"async\" class=\"size-medium wp-image-312\" src=\"http:\/\/www.proersa.com\/fra\/wp-content\/uploads\/sites\/4\/2019\/04\/BOV-inside-e1446839823272-300x249.jpg\" alt=\"\" width=\"300\" height=\"249\" srcset=\"https:\/\/www.proersa.com\/fra\/wp-content\/uploads\/sites\/4\/2019\/04\/BOV-inside-e1446839823272.jpg 300w, https:\/\/www.proersa.com\/fra\/wp-content\/uploads\/sites\/4\/2019\/04\/BOV-inside-e1446839823272-250x208.jpg 250w\" sizes=\"auto, (max-width: 300px) 100vw, 300px\" \/><figcaption id=\"caption-attachment-312\" class=\"wp-caption-text\">Aerosol Bag on Valve (BOV).<\/figcaption><\/figure>\n<p>Le concentr\u00e9 est conditionn\u00e9 dans un poche en aluminium et on remplit le bo\u00eetier avec de l\u2019air comprim\u00e9 pour la diffusion du produit. Par cons\u00e9quent, il n\u2019y pas de gaz pour la diffusion du produit. En revanche, la formule du gel de rasage contiendra un m\u00e9lange de gaz isobutane\/isopentane pour obtenir l\u2019effet gel. ( Les pictogrammes inflammables sur le produit sont les m\u00eames pour le gel et la mousse car les deux contiennet du gaz inflammable).<\/p>\n<p>&nbsp;<\/p>\n<p>&nbsp;<\/p>\n<p>&nbsp;<\/p>\n<p>&nbsp;<\/p>\n<p>Les crit\u00e8res de choix des influenceurs et des consommateurs sont principalement la composition de la formule, la texture et la sensation.<\/p>\n<p>Par exemple, pour les consommateurs \u00e0 la recherche d\u2019un rasage pr\u00e9cis pour l\u2019entretien de la barbe, le gel de rasage offre plus de commodit\u00e9s et permet une action plus localis\u00e9e.<\/p>\n<h2>Conclusion<\/h2>\n<p>En conlusion, que vous soyez \u00e0 la recherche de mousse \u00e0 raser ou de gel de rasage, PROERSA dispose des formules clefs en main qu\u2019il vous faut. Nous avons des formules pour tous les types de peaux et pour tout type de rasage. Nous sommes aussi capable de vous proposer des formules avec des ingr\u00e9dients \u00e9cologiques.<\/p>\n<p>PROERSA est une entreprise leader, sur le march\u00e9 du conditionnement d\u2019aerosol. Proersa vous facilite l\u2019externalisation de la fabrication de vos produits en aerosol. Nous pouvons vous offrir une solution cl\u00e9s en main (full service) ou juste vous aider pour une op\u00e9ration de sous-traitance sp\u00e9cifique. Notre offre de service inclut la R&amp;D, la formulation, la fabrication du concentr\u00e9, le remplissage et l\u2019assemblage des composants. Notre usine est situ\u00e9e \u00e0 Barcelone, ce qui nous permet de couvrir efficacement le march\u00e9 fran\u00e7ais.<\/p>\n<p>Si le d\u00e9veloppement de nouveau produit en a\u00e9rosol vous int\u00e9resse, mais que vous ne savez pas par o\u00fa commencer, vous trouverez avec le lien suivant notre article sur le process de fabrication d\u2019un a\u00e9rosol et le r\u00e9troplanning id\u00e9al.\u00a0<a href=\"http:\/\/www.proersa.com\/fra\/2019\/05\/08\/process-fabrication-aerosol\/\">Les 5 astuces pour am\u00e9liorer votre time-to-market sur votre projet a\u00e9rosol<\/a><\/p>\n<p>Sinon si vous \u00eates int\u00e9ress\u00e9 par les innovations des mousses a\u00e9rosol, vous pouvez toujours retrouver notre article avec notre pr\u00e9sentation des meilleures innovations mousses. Mousse\u00a0: 5 nouveaux produits pour gonfler vos ventes<\/p>\n<p>Si votre curiosit\u00e9 sur les a\u00e9rosols est insatiable, nous avons aussi mis \u00e0 votre disposition notre livre blanc du conditionnement a\u00e9rosol. \u00a0Il est disponible sur le lien ci apr\u00e8s: <a href=\"http:\/\/www.proersa.com\/fra\/2019\/05\/01\/livre-blanc-conditionnement-aerosol\/\">Livre blanc du conditionnement a\u00e9rosol<\/a>. Pour le t\u00e9l\u00e9charger, il vous sera simplement demand\u00e9 de laisser votre adresse e-mail.<\/p>\n<p>Pour toutes demandes d\u2019informations compl\u00e9mentaires sur la fabrication mousse a raser (nouveaux produits, \u00a0am\u00e9lioration de produits existant), merci de prendre contact avec nous sur <a href=\"mailto:info@proersa.com\">info@proersa.com<\/a> . Nous nous ferons un plaisir de vous venir en aide.<\/p>\n<h2>L\u2019\u00e9quipe PROERSA<\/h2>\n<p><img loading=\"lazy\" decoding=\"async\" class=\"size-full wp-image-411 alignleft\" src=\"http:\/\/www.proersa.com\/fra\/wp-content\/uploads\/sites\/4\/2019\/06\/profil-LKK-AP.jpg\" alt=\"\" width=\"200\" height=\"200\" srcset=\"https:\/\/www.proersa.com\/fra\/wp-content\/uploads\/sites\/4\/2019\/06\/profil-LKK-AP.jpg 200w, https:\/\/www.proersa.com\/fra\/wp-content\/uploads\/sites\/4\/2019\/06\/profil-LKK-AP-150x150.jpg 150w\" sizes=\"auto, (max-width: 200px) 100vw, 200px\" \/>Article \u00e9crit par Anthony Plasse export manager chez PROERSA\u00a0 et porteur de la barbe de 3 jours depuis des ann\u00e9es. Pour me retrouver sur les r\u00e9seaux sociaux, vous pouvez me retrouver en cliquant sur <a href=\"https:\/\/es.linkedin.com\/in\/anthony-plasse-barcelona\/fr\">Linkedin<\/a>.<\/p>\n","protected":false},"excerpt":{"rendered":"<p>Comparatif entre la fabrication mousse a raser et gel de rasage Fabrication mousse a raser &#8211; Le march\u00e9 du rasage [&hellip;]<\/p>\n","protected":false},"author":3,"featured_media":0,"comment_status":"open","ping_status":"open","sticky":false,"template":"","format":"standard","meta":{"footnotes":""},"categories":[1],"tags":[],"class_list":["post-409","post","type-post","status-publish","format-standard","hentry","category-sin-categoria"],"yoast_head":"<!-- This site is optimized with the Yoast SEO plugin v26.7 - https:\/\/yoast.com\/wordpress\/plugins\/seo\/ -->\n<title>Comparatif entre la fabrication mousse a raser et gel de rasage<\/title>\n<meta name=\"description\" content=\"Comparatif entre la fabrication mousse a raser et gel de rasage. Formules ? Crit\u00e8res de choix ? Technologie ?\" \/>\n<meta name=\"robots\" content=\"index, follow, max-snippet:-1, max-image-preview:large, max-video-preview:-1\" \/>\n<link rel=\"canonical\" href=\"https:\/\/www.proersa.com\/fra\/fabrication-mousse-a-raser\/\" \/>\n<meta property=\"og:locale\" content=\"fr_FR\" \/>\n<meta property=\"og:type\" content=\"article\" \/>\n<meta property=\"og:title\" content=\"Comparatif entre la fabrication mousse a raser et gel de rasage\" \/>\n<meta property=\"og:description\" content=\"Comparatif entre la fabrication mousse a raser et gel de rasage. Formules ? Crit\u00e8res de choix ? Technologie ?\" \/>\n<meta property=\"og:url\" content=\"https:\/\/www.proersa.com\/fra\/fabrication-mousse-a-raser\/\" \/>\n<meta property=\"og:site_name\" content=\"Fabrication &amp; Conditionnement d&#039;a\u00e9rosols\" \/>\n<meta property=\"article:published_time\" content=\"2019-06-12T11:06:41+00:00\" \/>\n<meta property=\"article:modified_time\" content=\"2020-11-18T11:08:04+00:00\" \/>\n<meta property=\"og:image\" content=\"http:\/\/www.proersa.com\/fra\/wp-content\/uploads\/sites\/4\/2019\/04\/BOV-inside-e1446839823272-300x249.jpg\" \/>\n<meta name=\"author\" content=\"usuari1\" \/>\n<meta name=\"twitter:card\" content=\"summary_large_image\" \/>\n<meta name=\"twitter:label1\" content=\"\u00c9crit par\" \/>\n\t<meta name=\"twitter:data1\" content=\"usuari1\" \/>\n\t<meta name=\"twitter:label2\" content=\"Dur\u00e9e de lecture estim\u00e9e\" \/>\n\t<meta name=\"twitter:data2\" content=\"5 minutes\" \/>\n<script type=\"application\/ld+json\" class=\"yoast-schema-graph\">{\"@context\":\"https:\/\/schema.org\",\"@graph\":[{\"@type\":\"Article\",\"@id\":\"https:\/\/www.proersa.com\/fra\/fabrication-mousse-a-raser\/#article\",\"isPartOf\":{\"@id\":\"https:\/\/www.proersa.com\/fra\/fabrication-mousse-a-raser\/\"},\"author\":{\"name\":\"usuari1\",\"@id\":\"http:\/\/www.proersa.com\/fra\/#\/schema\/person\/95a28de497e6b158fa53fb3c10050f27\"},\"headline\":\"Comparatif entre la fabrication mousse a raser et gel de rasage\",\"datePublished\":\"2019-06-12T11:06:41+00:00\",\"dateModified\":\"2020-11-18T11:08:04+00:00\",\"mainEntityOfPage\":{\"@id\":\"https:\/\/www.proersa.com\/fra\/fabrication-mousse-a-raser\/\"},\"wordCount\":1015,\"commentCount\":0,\"publisher\":{\"@id\":\"http:\/\/www.proersa.com\/fra\/#organization\"},\"image\":{\"@id\":\"https:\/\/www.proersa.com\/fra\/fabrication-mousse-a-raser\/#primaryimage\"},\"thumbnailUrl\":\"http:\/\/www.proersa.com\/fra\/wp-content\/uploads\/sites\/4\/2019\/04\/BOV-inside-e1446839823272-300x249.jpg\",\"articleSection\":[\"Sin categor\u00eda\"],\"inLanguage\":\"fr-FR\",\"potentialAction\":[{\"@type\":\"CommentAction\",\"name\":\"Comment\",\"target\":[\"https:\/\/www.proersa.com\/fra\/fabrication-mousse-a-raser\/#respond\"]}]},{\"@type\":\"WebPage\",\"@id\":\"https:\/\/www.proersa.com\/fra\/fabrication-mousse-a-raser\/\",\"url\":\"https:\/\/www.proersa.com\/fra\/fabrication-mousse-a-raser\/\",\"name\":\"Comparatif entre la fabrication mousse a raser et gel de rasage\",\"isPartOf\":{\"@id\":\"http:\/\/www.proersa.com\/fra\/#website\"},\"primaryImageOfPage\":{\"@id\":\"https:\/\/www.proersa.com\/fra\/fabrication-mousse-a-raser\/#primaryimage\"},\"image\":{\"@id\":\"https:\/\/www.proersa.com\/fra\/fabrication-mousse-a-raser\/#primaryimage\"},\"thumbnailUrl\":\"http:\/\/www.proersa.com\/fra\/wp-content\/uploads\/sites\/4\/2019\/04\/BOV-inside-e1446839823272-300x249.jpg\",\"datePublished\":\"2019-06-12T11:06:41+00:00\",\"dateModified\":\"2020-11-18T11:08:04+00:00\",\"description\":\"Comparatif entre la fabrication mousse a raser et gel de rasage. Formules ? Crit\u00e8res de choix ? Technologie ?\",\"breadcrumb\":{\"@id\":\"https:\/\/www.proersa.com\/fra\/fabrication-mousse-a-raser\/#breadcrumb\"},\"inLanguage\":\"fr-FR\",\"potentialAction\":[{\"@type\":\"ReadAction\",\"target\":[\"https:\/\/www.proersa.com\/fra\/fabrication-mousse-a-raser\/\"]}]},{\"@type\":\"ImageObject\",\"inLanguage\":\"fr-FR\",\"@id\":\"https:\/\/www.proersa.com\/fra\/fabrication-mousse-a-raser\/#primaryimage\",\"url\":\"https:\/\/www.proersa.com\/fra\/wp-content\/uploads\/sites\/4\/2019\/04\/BOV-inside-e1446839823272.jpg\",\"contentUrl\":\"https:\/\/www.proersa.com\/fra\/wp-content\/uploads\/sites\/4\/2019\/04\/BOV-inside-e1446839823272.jpg\",\"width\":300,\"height\":249,\"caption\":\"Aerosol Bag on Valve (BOV).\"},{\"@type\":\"BreadcrumbList\",\"@id\":\"https:\/\/www.proersa.com\/fra\/fabrication-mousse-a-raser\/#breadcrumb\",\"itemListElement\":[{\"@type\":\"ListItem\",\"position\":1,\"name\":\"Portada\",\"item\":\"http:\/\/www.proersa.com\/fra\/\"},{\"@type\":\"ListItem\",\"position\":2,\"name\":\"Comparatif entre la fabrication mousse a raser et gel de rasage\"}]},{\"@type\":\"WebSite\",\"@id\":\"http:\/\/www.proersa.com\/fra\/#website\",\"url\":\"http:\/\/www.proersa.com\/fra\/\",\"name\":\"Fabrication &amp; Conditionnement d&#039;a\u00e9rosols\",\"description\":\"Proersa Aerosoles - fabricant d\u2019a\u00e9rosols - sous traitance industrielle pour vos produits cosm\u00e9tiques\",\"publisher\":{\"@id\":\"http:\/\/www.proersa.com\/fra\/#organization\"},\"potentialAction\":[{\"@type\":\"SearchAction\",\"target\":{\"@type\":\"EntryPoint\",\"urlTemplate\":\"http:\/\/www.proersa.com\/fra\/?s={search_term_string}\"},\"query-input\":{\"@type\":\"PropertyValueSpecification\",\"valueRequired\":true,\"valueName\":\"search_term_string\"}}],\"inLanguage\":\"fr-FR\"},{\"@type\":\"Organization\",\"@id\":\"http:\/\/www.proersa.com\/fra\/#organization\",\"name\":\"Fabrication &amp; Conditionnement d&#039;a\u00e9rosols\",\"url\":\"http:\/\/www.proersa.com\/fra\/\",\"logo\":{\"@type\":\"ImageObject\",\"inLanguage\":\"fr-FR\",\"@id\":\"http:\/\/www.proersa.com\/fra\/#\/schema\/logo\/image\/\",\"url\":\"https:\/\/www.proersa.com\/fra\/wp-content\/uploads\/sites\/4\/2019\/01\/Proersa_logo_aerosoles50_aniversary.jpg\",\"contentUrl\":\"https:\/\/www.proersa.com\/fra\/wp-content\/uploads\/sites\/4\/2019\/01\/Proersa_logo_aerosoles50_aniversary.jpg\",\"width\":263,\"height\":63,\"caption\":\"Fabrication &amp; Conditionnement d&#039;a\u00e9rosols\"},\"image\":{\"@id\":\"http:\/\/www.proersa.com\/fra\/#\/schema\/logo\/image\/\"}},{\"@type\":\"Person\",\"@id\":\"http:\/\/www.proersa.com\/fra\/#\/schema\/person\/95a28de497e6b158fa53fb3c10050f27\",\"name\":\"usuari1\",\"image\":{\"@type\":\"ImageObject\",\"inLanguage\":\"fr-FR\",\"@id\":\"http:\/\/www.proersa.com\/fra\/#\/schema\/person\/image\/\",\"url\":\"https:\/\/secure.gravatar.com\/avatar\/328b7bf50a5ec6c27f5ed7c9128e3ceb?s=96&d=mm&r=g\",\"contentUrl\":\"https:\/\/secure.gravatar.com\/avatar\/328b7bf50a5ec6c27f5ed7c9128e3ceb?s=96&d=mm&r=g\",\"caption\":\"usuari1\"},\"url\":\"https:\/\/www.proersa.com\/fra\/author\/anthony1\/\"}]}<\/script>\n<!-- \/ Yoast SEO plugin. -->","yoast_head_json":{"title":"Comparatif entre la fabrication mousse a raser et gel de rasage","description":"Comparatif entre la fabrication mousse a raser et gel de rasage. Formules ? Crit\u00e8res de choix ? Technologie ?","robots":{"index":"index","follow":"follow","max-snippet":"max-snippet:-1","max-image-preview":"max-image-preview:large","max-video-preview":"max-video-preview:-1"},"canonical":"https:\/\/www.proersa.com\/fra\/fabrication-mousse-a-raser\/","og_locale":"fr_FR","og_type":"article","og_title":"Comparatif entre la fabrication mousse a raser et gel de rasage","og_description":"Comparatif entre la fabrication mousse a raser et gel de rasage. Formules ? Crit\u00e8res de choix ? Technologie ?","og_url":"https:\/\/www.proersa.com\/fra\/fabrication-mousse-a-raser\/","og_site_name":"Fabrication &amp; Conditionnement d&#039;a\u00e9rosols","article_published_time":"2019-06-12T11:06:41+00:00","article_modified_time":"2020-11-18T11:08:04+00:00","og_image":[{"url":"http:\/\/www.proersa.com\/fra\/wp-content\/uploads\/sites\/4\/2019\/04\/BOV-inside-e1446839823272-300x249.jpg","type":"","width":"","height":""}],"author":"usuari1","twitter_card":"summary_large_image","twitter_misc":{"\u00c9crit par":"usuari1","Dur\u00e9e de lecture estim\u00e9e":"5 minutes"},"schema":{"@context":"https:\/\/schema.org","@graph":[{"@type":"Article","@id":"https:\/\/www.proersa.com\/fra\/fabrication-mousse-a-raser\/#article","isPartOf":{"@id":"https:\/\/www.proersa.com\/fra\/fabrication-mousse-a-raser\/"},"author":{"name":"usuari1","@id":"http:\/\/www.proersa.com\/fra\/#\/schema\/person\/95a28de497e6b158fa53fb3c10050f27"},"headline":"Comparatif entre la fabrication mousse a raser et gel de rasage","datePublished":"2019-06-12T11:06:41+00:00","dateModified":"2020-11-18T11:08:04+00:00","mainEntityOfPage":{"@id":"https:\/\/www.proersa.com\/fra\/fabrication-mousse-a-raser\/"},"wordCount":1015,"commentCount":0,"publisher":{"@id":"http:\/\/www.proersa.com\/fra\/#organization"},"image":{"@id":"https:\/\/www.proersa.com\/fra\/fabrication-mousse-a-raser\/#primaryimage"},"thumbnailUrl":"http:\/\/www.proersa.com\/fra\/wp-content\/uploads\/sites\/4\/2019\/04\/BOV-inside-e1446839823272-300x249.jpg","articleSection":["Sin categor\u00eda"],"inLanguage":"fr-FR","potentialAction":[{"@type":"CommentAction","name":"Comment","target":["https:\/\/www.proersa.com\/fra\/fabrication-mousse-a-raser\/#respond"]}]},{"@type":"WebPage","@id":"https:\/\/www.proersa.com\/fra\/fabrication-mousse-a-raser\/","url":"https:\/\/www.proersa.com\/fra\/fabrication-mousse-a-raser\/","name":"Comparatif entre la fabrication mousse a raser et gel de rasage","isPartOf":{"@id":"http:\/\/www.proersa.com\/fra\/#website"},"primaryImageOfPage":{"@id":"https:\/\/www.proersa.com\/fra\/fabrication-mousse-a-raser\/#primaryimage"},"image":{"@id":"https:\/\/www.proersa.com\/fra\/fabrication-mousse-a-raser\/#primaryimage"},"thumbnailUrl":"http:\/\/www.proersa.com\/fra\/wp-content\/uploads\/sites\/4\/2019\/04\/BOV-inside-e1446839823272-300x249.jpg","datePublished":"2019-06-12T11:06:41+00:00","dateModified":"2020-11-18T11:08:04+00:00","description":"Comparatif entre la fabrication mousse a raser et gel de rasage. Formules ? Crit\u00e8res de choix ? Technologie ?","breadcrumb":{"@id":"https:\/\/www.proersa.com\/fra\/fabrication-mousse-a-raser\/#breadcrumb"},"inLanguage":"fr-FR","potentialAction":[{"@type":"ReadAction","target":["https:\/\/www.proersa.com\/fra\/fabrication-mousse-a-raser\/"]}]},{"@type":"ImageObject","inLanguage":"fr-FR","@id":"https:\/\/www.proersa.com\/fra\/fabrication-mousse-a-raser\/#primaryimage","url":"https:\/\/www.proersa.com\/fra\/wp-content\/uploads\/sites\/4\/2019\/04\/BOV-inside-e1446839823272.jpg","contentUrl":"https:\/\/www.proersa.com\/fra\/wp-content\/uploads\/sites\/4\/2019\/04\/BOV-inside-e1446839823272.jpg","width":300,"height":249,"caption":"Aerosol Bag on Valve (BOV)."},{"@type":"BreadcrumbList","@id":"https:\/\/www.proersa.com\/fra\/fabrication-mousse-a-raser\/#breadcrumb","itemListElement":[{"@type":"ListItem","position":1,"name":"Portada","item":"http:\/\/www.proersa.com\/fra\/"},{"@type":"ListItem","position":2,"name":"Comparatif entre la fabrication mousse a raser et gel de rasage"}]},{"@type":"WebSite","@id":"http:\/\/www.proersa.com\/fra\/#website","url":"http:\/\/www.proersa.com\/fra\/","name":"Fabrication &amp; Conditionnement d&#039;a\u00e9rosols","description":"Proersa Aerosoles - fabricant d\u2019a\u00e9rosols - sous traitance industrielle pour vos produits cosm\u00e9tiques","publisher":{"@id":"http:\/\/www.proersa.com\/fra\/#organization"},"potentialAction":[{"@type":"SearchAction","target":{"@type":"EntryPoint","urlTemplate":"http:\/\/www.proersa.com\/fra\/?s={search_term_string}"},"query-input":{"@type":"PropertyValueSpecification","valueRequired":true,"valueName":"search_term_string"}}],"inLanguage":"fr-FR"},{"@type":"Organization","@id":"http:\/\/www.proersa.com\/fra\/#organization","name":"Fabrication &amp; Conditionnement d&#039;a\u00e9rosols","url":"http:\/\/www.proersa.com\/fra\/","logo":{"@type":"ImageObject","inLanguage":"fr-FR","@id":"http:\/\/www.proersa.com\/fra\/#\/schema\/logo\/image\/","url":"https:\/\/www.proersa.com\/fra\/wp-content\/uploads\/sites\/4\/2019\/01\/Proersa_logo_aerosoles50_aniversary.jpg","contentUrl":"https:\/\/www.proersa.com\/fra\/wp-content\/uploads\/sites\/4\/2019\/01\/Proersa_logo_aerosoles50_aniversary.jpg","width":263,"height":63,"caption":"Fabrication &amp; Conditionnement d&#039;a\u00e9rosols"},"image":{"@id":"http:\/\/www.proersa.com\/fra\/#\/schema\/logo\/image\/"}},{"@type":"Person","@id":"http:\/\/www.proersa.com\/fra\/#\/schema\/person\/95a28de497e6b158fa53fb3c10050f27","name":"usuari1","image":{"@type":"ImageObject","inLanguage":"fr-FR","@id":"http:\/\/www.proersa.com\/fra\/#\/schema\/person\/image\/","url":"https:\/\/secure.gravatar.com\/avatar\/328b7bf50a5ec6c27f5ed7c9128e3ceb?s=96&d=mm&r=g","contentUrl":"https:\/\/secure.gravatar.com\/avatar\/328b7bf50a5ec6c27f5ed7c9128e3ceb?s=96&d=mm&r=g","caption":"usuari1"},"url":"https:\/\/www.proersa.com\/fra\/author\/anthony1\/"}]}},"_links":{"self":[{"href":"https:\/\/www.proersa.com\/fra\/wp-json\/wp\/v2\/posts\/409","targetHints":{"allow":["GET"]}}],"collection":[{"href":"https:\/\/www.proersa.com\/fra\/wp-json\/wp\/v2\/posts"}],"about":[{"href":"https:\/\/www.proersa.com\/fra\/wp-json\/wp\/v2\/types\/post"}],"author":[{"embeddable":true,"href":"https:\/\/www.proersa.com\/fra\/wp-json\/wp\/v2\/users\/3"}],"replies":[{"embeddable":true,"href":"https:\/\/www.proersa.com\/fra\/wp-json\/wp\/v2\/comments?post=409"}],"version-history":[{"count":4,"href":"https:\/\/www.proersa.com\/fra\/wp-json\/wp\/v2\/posts\/409\/revisions"}],"predecessor-version":[{"id":771,"href":"https:\/\/www.proersa.com\/fra\/wp-json\/wp\/v2\/posts\/409\/revisions\/771"}],"wp:attachment":[{"href":"https:\/\/www.proersa.com\/fra\/wp-json\/wp\/v2\/media?parent=409"}],"wp:term":[{"taxonomy":"category","embeddable":true,"href":"https:\/\/www.proersa.com\/fra\/wp-json\/wp\/v2\/categories?post=409"},{"taxonomy":"post_tag","embeddable":true,"href":"https:\/\/www.proersa.com\/fra\/wp-json\/wp\/v2\/tags?post=409"}],"curies":[{"name":"wp","href":"https:\/\/api.w.org\/{rel}","templated":true}]}}