{"id":399,"date":"2019-06-05T09:24:34","date_gmt":"2019-06-05T09:24:34","guid":{"rendered":"http:\/\/www.proersa.com\/fra\/?p=399"},"modified":"2021-01-14T15:44:54","modified_gmt":"2021-01-14T15:44:54","slug":"mousse-aerosol-innovation-cosmetique","status":"publish","type":"post","link":"https:\/\/www.proersa.com\/fra\/mousse-aerosol-innovation-cosmetique\/","title":{"rendered":"Mousse a\u00e9rosol\u00a0: 5 id\u00e9es pour gonfler vos ventes"},"content":{"rendered":"<h1>Mousse a\u00e9rosol\u00a0:5 id\u00e9es \u00a0pour gonfler vos ventes<\/h1>\n<p>Fabrication mousses a\u00e9rosols &#8211; Quand on parle a\u00e9rosol, peu importe le secteur d\u2019activit\u00e9s, il est \u00e9vident que les mousses sont des a\u00e9rosols qui se vendent bien. Par exemple, dans la cat\u00e9gorie personal care, la mousse \u00e0 raser est un best-seller. C\u2019est tout simplement le deux\u00ec\u00e8me produit le plus vendu apr\u00e8s les d\u00e9odorants.<\/p>\n<p>Pour tout le segment de la coiffure, les mousses connaissent aussi beaucoup de d\u00e9clinaisons\u00a0: mousse fixante, volume etc\u2026<\/p>\n<p>N\u00e9anmoins, cette texture qui existe depuis longtemps n\u2019avait pas connu beaucoup de nouveaut\u00e9s.<\/p>\n<p>Mais depuis maintenant quelques ann\u00e9es\/mois, les mousses et leurs nouvelles d\u00e9clinaisons ouvrent de nouveaux march\u00e9s pour les acteurs du segment de la beaut\u00e9 et de la cosm\u00e9tique.<\/p>\n<p>Petit tour d\u2019horizon sur cette texture qui vient bousculer les codes du secteur.<\/p>\n<h2>1- Les mousses de douche<\/h2>\n<p>C\u2019est ind\u00e9niablement le produit qui fait le plus de bruit dans toutes ces innovations. Comment expliquer cet essor aussi rapide\u00a0? Il est sans doute \u00e0 chercher dans les efforts de r\u00e9duction des packaging plastique de la part des marques. Mais il faut sans doute aussi prendre en compte dans cette \u00e9quation la mont\u00e9e en puissance de la marque Rituals, qui a su populariser ce produit.<\/p>\n<p>Mousse douche de Dove, par Unilever.<\/p>\n<p><img loading=\"lazy\" decoding=\"async\" class=\"alignnone size-medium wp-image-274\" src=\"http:\/\/www.proersa.com\/fra\/wp-content\/uploads\/sites\/4\/2019\/04\/dove-scented-label-168x300.jpg\" alt=\"\" width=\"168\" height=\"300\" srcset=\"https:\/\/www.proersa.com\/fra\/wp-content\/uploads\/sites\/4\/2019\/04\/dove-scented-label-168x300.jpg 168w, https:\/\/www.proersa.com\/fra\/wp-content\/uploads\/sites\/4\/2019\/04\/dove-scented-label-768x1373.jpg 768w, https:\/\/www.proersa.com\/fra\/wp-content\/uploads\/sites\/4\/2019\/04\/dove-scented-label-573x1024.jpg 573w, https:\/\/www.proersa.com\/fra\/wp-content\/uploads\/sites\/4\/2019\/04\/dove-scented-label-250x447.jpg 250w, https:\/\/www.proersa.com\/fra\/wp-content\/uploads\/sites\/4\/2019\/04\/dove-scented-label.jpg 957w\" sizes=\"auto, (max-width: 168px) 100vw, 168px\" \/><\/p>\n<p>( Pour rappel, nous avions \u00e9tudi\u00e9 le <a href=\"http:\/\/www.proersa.com\/fra\/2019\/04\/01\/marketing-sensoriel-etiquettes-parfumees-vendre-plus-d-aerosols-conditionnement-fabrication\/\">neuro-marketing et les \u00e9tiquettes parfum\u00e9es<\/a> pour ce produit. Article sur le lien suivant: neuromarketing et \u00e9tiquettes parfum\u00e9es)<\/p>\n<p>&nbsp;<\/p>\n<p>Sur ce march\u00e9, on peut aussi remarquer la performance de la marque fran\u00e7aise <a href=\"https:\/\/www.instagram.com\/ouate.paris\/\">Ouate<\/a> qui concentre ses efforts sur les enfants de 4 \u00e0 11 ans, avec des mousses douches pour le corps et pour le cheveux. Avec la Chantilly lavante, Ouate offre des textures plus ludiques\u00a0. Le but est de rendre l\u2019heure du bain plus facile pour les petits (et aussi pour les parents)<\/p>\n<p><img loading=\"lazy\" decoding=\"async\" class=\"alignnone size-medium wp-image-400\" src=\"http:\/\/www.proersa.com\/fra\/wp-content\/uploads\/sites\/4\/2019\/06\/chantilly-lavante-226x300.png\" alt=\"\" width=\"226\" height=\"300\" srcset=\"https:\/\/www.proersa.com\/fra\/wp-content\/uploads\/sites\/4\/2019\/06\/chantilly-lavante-226x300.png 226w, https:\/\/www.proersa.com\/fra\/wp-content\/uploads\/sites\/4\/2019\/06\/chantilly-lavante-250x332.png 250w, https:\/\/www.proersa.com\/fra\/wp-content\/uploads\/sites\/4\/2019\/06\/chantilly-lavante.png 517w\" sizes=\"auto, (max-width: 226px) 100vw, 226px\" \/><\/p>\n<h2>2 \u2013 Les mousses solaires<\/h2>\n<p>Comment offrir une exp\u00e9rience sensorielle plaisante au moment d\u2019appliquer une protection solaire\u00a0?<\/p>\n<p>La mousse solaire est probablement une des meilleures r\u00e9ponses trouv\u00e9es pour avoir une mousse qui soit appliqu\u00e9e facilement et absorb\u00e9e rapidement.<\/p>\n<p>Quand une des marques historiques de la protection solaire se lance sur ce produit, il s\u2019agit sans doute d\u2019un signe fort qu\u2019une nouvelle tendance \u00e9merge. Biafine avec sa mousse solaire montre la voie sur ce segment.<\/p>\n<p><img loading=\"lazy\" decoding=\"async\" class=\"alignnone size-full wp-image-403\" src=\"http:\/\/www.proersa.com\/fra\/wp-content\/uploads\/sites\/4\/2019\/06\/solaire-biafine.jpg\" alt=\"\" width=\"194\" height=\"259\" \/><\/p>\n<p>Avec la saison des solaires, il s\u2019agit d\u00e9finitivement d\u2019un des produits pour lesquels nous recevons le plus de demandes.<\/p>\n<p>Dans un autre registre, sur le march\u00e9 US la marque Coppertone a cr\u00e9e une mousse solaire en reprenant les codes de la mousse chantilly ( forme du bo\u00eetier, diffusion)<\/p>\n<p><img loading=\"lazy\" decoding=\"async\" class=\"alignnone size-medium wp-image-257\" src=\"http:\/\/www.proersa.com\/fra\/wp-content\/uploads\/sites\/4\/2019\/03\/BOB-2017-Breakthroughs-Coppertone.jpg-300x300.jpg\" alt=\"\" width=\"300\" height=\"300\" srcset=\"https:\/\/www.proersa.com\/fra\/wp-content\/uploads\/sites\/4\/2019\/03\/BOB-2017-Breakthroughs-Coppertone.jpg-300x300.jpg 300w, https:\/\/www.proersa.com\/fra\/wp-content\/uploads\/sites\/4\/2019\/03\/BOB-2017-Breakthroughs-Coppertone.jpg-150x150.jpg 150w, https:\/\/www.proersa.com\/fra\/wp-content\/uploads\/sites\/4\/2019\/03\/BOB-2017-Breakthroughs-Coppertone.jpg-768x768.jpg 768w, https:\/\/www.proersa.com\/fra\/wp-content\/uploads\/sites\/4\/2019\/03\/BOB-2017-Breakthroughs-Coppertone.jpg-1024x1024.jpg 1024w, https:\/\/www.proersa.com\/fra\/wp-content\/uploads\/sites\/4\/2019\/03\/BOB-2017-Breakthroughs-Coppertone.jpg-250x250.jpg 250w\" sizes=\"auto, (max-width: 300px) 100vw, 300px\" \/><\/p>\n<p>La gal\u00e9nique pourrait encore \u00e9voluer avec la fusion de la mousse solaire et la mousse cr\u00e9pitante (cf point 5), pour cr\u00e9er une exp\u00e9rience sensorielle encore plus forte au moment d\u2019appliquer la mousse. A suivre\u2026<\/p>\n<h2>3- les mousses parfum\u00e9es<\/h2>\n<p><img loading=\"lazy\" decoding=\"async\" class=\"alignnone size-medium wp-image-404\" src=\"http:\/\/www.proersa.com\/fra\/wp-content\/uploads\/sites\/4\/2019\/06\/foamous-ohboy-img1-300x300.png\" alt=\"\" width=\"300\" height=\"300\" srcset=\"https:\/\/www.proersa.com\/fra\/wp-content\/uploads\/sites\/4\/2019\/06\/foamous-ohboy-img1-300x300.png 300w, https:\/\/www.proersa.com\/fra\/wp-content\/uploads\/sites\/4\/2019\/06\/foamous-ohboy-img1-150x150.png 150w, https:\/\/www.proersa.com\/fra\/wp-content\/uploads\/sites\/4\/2019\/06\/foamous-ohboy-img1-768x768.png 768w, https:\/\/www.proersa.com\/fra\/wp-content\/uploads\/sites\/4\/2019\/06\/foamous-ohboy-img1-250x250.png 250w, https:\/\/www.proersa.com\/fra\/wp-content\/uploads\/sites\/4\/2019\/06\/foamous-ohboy-img1.png 1000w\" sizes=\"auto, (max-width: 300px) 100vw, 300px\" \/><\/p>\n<p>Cette innovation nous vient directement de France et commence \u00e0 faire grand bruit. Finaliste des Cosmoprof Awards cette ann\u00e9e, la soci\u00e9t\u00e9 Foamous est en train de cr\u00e9er une nouvelle routine de beaut\u00e9 avec ces mousses de parfum.<br \/>\nAu lieu d\u2019utiliser un parfum normal, vous appliquez une mousse \u00e0 la place pour plus de sensorialit\u00e9. La r\u00e9manence des parfums est de 6h.<\/p>\n<p>Un produit unique \u00e0 la crois\u00e9e des chemins entre la parfumerie traditionnelle et la cosm\u00e9tique.<\/p>\n<h2>4- Les mousses shampoing sec<\/h2>\n<p><img loading=\"lazy\" decoding=\"async\" class=\"alignnone size-full wp-image-405\" src=\"http:\/\/www.proersa.com\/fra\/wp-content\/uploads\/sites\/4\/2019\/06\/Ikoo-mousse-shampoing-sec.jpg\" alt=\"\" width=\"225\" height=\"225\" srcset=\"https:\/\/www.proersa.com\/fra\/wp-content\/uploads\/sites\/4\/2019\/06\/Ikoo-mousse-shampoing-sec.jpg 225w, https:\/\/www.proersa.com\/fra\/wp-content\/uploads\/sites\/4\/2019\/06\/Ikoo-mousse-shampoing-sec-150x150.jpg 150w\" sizes=\"auto, (max-width: 225px) 100vw, 225px\" \/><\/p>\n<p>L\u00e0 aussi, une innovation rep\u00e9r\u00e9e directement avec l\u2019\u00e9dition 2019 de Cosmoprof et ses trends reports.<\/p>\n<p>La soci\u00e9t\u00e9 allemande Beauty Lab Gmbh et sa marque Ikoo ont lanc\u00e9 un shampoing sec en mousse.<\/p>\n<p>Le gros avantage de cette solution, par rapport au shampoing sec en spray, est l\u2019absence de r\u00e9sidus apr\u00e8s l\u2019application.<\/p>\n<p>On peut souligner aussi qu\u2019ils ont r\u00e9ussi \u00e0 obtenir une formule vegan, sans silicone et sans paraben. #Deutschequalitat<\/p>\n<p>&nbsp;<\/p>\n<h2>5- Mousse cr\u00e9pitante<\/h2>\n<p><em>criss, criss, criss\u2026<\/em> Le doux bruit et la douce sensation de la mousse cr\u00e9pitante au moment de l\u2019application. D\u2019un point de vue sensorialit\u00e9, c\u2019est v\u00e9ritablement une nouvelle exp\u00e9rience qui s\u2019offre au consommateur, presque un voyage.<\/p>\n<p>En effet, la mousse cr\u00e9pitante est avant tout une formule chimique, qui va faire que des bulles de gaz vont se mettre avec la mousse au moment de la diffusion. Et quand vous appliquez la mousse, ces bulles des gaz \u00e9clatent et vous procurent cet effet cr\u00e9pitant.<\/p>\n<p>Il ne faut pas voir la mousse cr\u00e9pitante comme un produit unique, mais plut\u00f4t comme une plateforme pour des nouveaux produits.<\/p>\n<p>En comprenant ce m\u00e9canisme, vous pouvez voir que les d\u00e9clinaisons des mousses cr\u00e9pitantes sont nombreuses\u00a0: hydratantes, apr\u00e8s-soleil, etc\u2026<\/p>\n<p>Dans les exemples de best-seller de cette cat\u00e9gorie, il faut saluer la marque Herborist, ou \u4f70\u8349\u96c6 (Bai Cao Ji) . Pour l\u2019heure, il s\u2019agit de la seule marque premium de cosm\u00e9tique chinoise qui a\u00a0r\u00e9ussi son implantation\u00a0sur le continent asiatique et Europ\u00e9en. C\u2019est une marque du groupe chinois Jahwa, fond\u00e9e il y a 110 ans \u00e0 Shanghai.<\/p>\n<p>Leur produit phare est la mousse cr\u00e9pitante apr\u00e8s-soleil.<\/p>\n<p><img loading=\"lazy\" decoding=\"async\" class=\"alignnone size-full wp-image-402\" src=\"http:\/\/www.proersa.com\/fra\/wp-content\/uploads\/sites\/4\/2019\/06\/mousse-herborist.jpg\" alt=\"\" width=\"225\" height=\"225\" srcset=\"https:\/\/www.proersa.com\/fra\/wp-content\/uploads\/sites\/4\/2019\/06\/mousse-herborist.jpg 225w, https:\/\/www.proersa.com\/fra\/wp-content\/uploads\/sites\/4\/2019\/06\/mousse-herborist-150x150.jpg 150w\" sizes=\"auto, (max-width: 225px) 100vw, 225px\" \/><\/p>\n<p>On peut aussi saluer la marque fran\u00e7aise Garancia avec sa mousse cr\u00e9pitante de minceur\u00a0: F\u00e9e moi fondre.<\/p>\n<p><img loading=\"lazy\" decoding=\"async\" class=\"alignnone size-full wp-image-401\" src=\"http:\/\/www.proersa.com\/fra\/wp-content\/uploads\/sites\/4\/2019\/06\/mousse-garancia.jpg\" alt=\"\" width=\"225\" height=\"225\" srcset=\"https:\/\/www.proersa.com\/fra\/wp-content\/uploads\/sites\/4\/2019\/06\/mousse-garancia.jpg 225w, https:\/\/www.proersa.com\/fra\/wp-content\/uploads\/sites\/4\/2019\/06\/mousse-garancia-150x150.jpg 150w\" sizes=\"auto, (max-width: 225px) 100vw, 225px\" \/><\/p>\n<p>&nbsp;<\/p>\n<h2>Conclusion &#8211; Fabrication mousses a\u00e9rosols<\/h2>\n<p>Au travers de ces exemples, nous esp\u00e9rons que vous avez pu appr\u00e9cier ces innovations et qu\u2019elles vous auront donn\u00e9 des nouvelles id\u00e9es.<\/p>\n<p>Pour rappel, si vous \u00eates int\u00e9ress\u00e9 pour d\u00e9velopper un nouveau produit inspir\u00e9 des produits ci-dessus, Proersa dispose de formule en propre pour tous les produits pr\u00e9sent\u00e9s.<\/p>\n<p>Si le d\u00e9veloppement de nouveau produit en a\u00e9rosol vous int\u00e9resse, mais que vous ne savez pas par o\u00fa commencer, vous trouverez avec le lien suivant notre article sur le process de fabrication d\u2019un a\u00e9rosol et le r\u00e9troplanning id\u00e9al.\u00a0<a href=\"http:\/\/www.proersa.com\/fra\/2019\/05\/08\/process-fabrication-aerosol\/\">Les 5 astuces pour am\u00e9liorer votre time-to-market sur votre projet a\u00e9rosol<\/a><\/p>\n<p>Si votre curiosit\u00e9 sur la fabrication mousses a\u00e9rosols\u00a0 est insatiable, nous avons aussi mis \u00e0 votre disposition notre livre blanc du conditionnement a\u00e9rosol. \u00a0Il est disponible sur le lien ci apr\u00e8s: <a href=\"http:\/\/www.proersa.com\/fra\/2019\/05\/01\/livre-blanc-conditionnement-aerosol\/\">Livre blanc du conditionnement a\u00e9rosol<\/a>.<\/p>\n<p>Pour toutes demandes d\u2019informations compl\u00e9mentaires sur la fabrication mousses a\u00e9rosols (nouveaux produits, \u00a0am\u00e9lioration de produits existant), merci de prendre contact avec nous sur <a href=\"mailto:info@proersa.com\">info@proersa.com<\/a> . Nous nous ferons un plaisir de vous venir en aide.<\/p>\n<p>L\u2019\u00e9quipe PROERSA<\/p>\n","protected":false},"excerpt":{"rendered":"<p>Mousse a\u00e9rosol\u00a0:5 id\u00e9es \u00a0pour gonfler vos ventes Fabrication mousses a\u00e9rosols &#8211; Quand on parle a\u00e9rosol, peu importe le secteur d\u2019activit\u00e9s, [&hellip;]<\/p>\n","protected":false},"author":3,"featured_media":0,"comment_status":"open","ping_status":"open","sticky":false,"template":"","format":"standard","meta":{"footnotes":""},"categories":[1],"tags":[],"class_list":["post-399","post","type-post","status-publish","format-standard","hentry","category-sin-categoria"],"yoast_head":"<!-- This site is optimized with the Yoast SEO plugin v26.7 - https:\/\/yoast.com\/wordpress\/plugins\/seo\/ -->\n<title>Fabrication mousses a\u00e9rosols - Focus sur 5 innovations qui font vendre<\/title>\n<meta name=\"description\" content=\"Fabrication mousses a\u00e9rosols - Focus sur 5 innovations cosm\u00e9tiques qui font vendre et montrent les nouveaux usages de l&#039;a\u00e9rosols.\" \/>\n<meta name=\"robots\" content=\"index, follow, max-snippet:-1, max-image-preview:large, max-video-preview:-1\" \/>\n<link rel=\"canonical\" href=\"https:\/\/www.proersa.com\/fra\/mousse-aerosol-innovation-cosmetique\/\" \/>\n<meta property=\"og:locale\" content=\"fr_FR\" \/>\n<meta property=\"og:type\" content=\"article\" \/>\n<meta property=\"og:title\" content=\"Fabrication mousses a\u00e9rosols - Focus sur 5 innovations qui font vendre\" \/>\n<meta property=\"og:description\" content=\"Fabrication mousses a\u00e9rosols - Focus sur 5 innovations cosm\u00e9tiques qui font vendre et montrent les nouveaux usages de l&#039;a\u00e9rosols.\" \/>\n<meta property=\"og:url\" content=\"https:\/\/www.proersa.com\/fra\/mousse-aerosol-innovation-cosmetique\/\" \/>\n<meta property=\"og:site_name\" content=\"Fabrication &amp; Conditionnement d&#039;a\u00e9rosols\" \/>\n<meta property=\"article:published_time\" content=\"2019-06-05T09:24:34+00:00\" \/>\n<meta property=\"article:modified_time\" content=\"2021-01-14T15:44:54+00:00\" \/>\n<meta property=\"og:image\" content=\"http:\/\/www.proersa.com\/fra\/wp-content\/uploads\/sites\/4\/2019\/04\/dove-scented-label-168x300.jpg\" \/>\n<meta name=\"author\" content=\"usuari1\" \/>\n<meta name=\"twitter:card\" content=\"summary_large_image\" \/>\n<meta name=\"twitter:label1\" content=\"\u00c9crit par\" \/>\n\t<meta name=\"twitter:data1\" content=\"usuari1\" \/>\n\t<meta name=\"twitter:label2\" content=\"Dur\u00e9e de lecture estim\u00e9e\" \/>\n\t<meta name=\"twitter:data2\" content=\"5 minutes\" \/>\n<script type=\"application\/ld+json\" class=\"yoast-schema-graph\">{\"@context\":\"https:\/\/schema.org\",\"@graph\":[{\"@type\":\"Article\",\"@id\":\"https:\/\/www.proersa.com\/fra\/mousse-aerosol-innovation-cosmetique\/#article\",\"isPartOf\":{\"@id\":\"https:\/\/www.proersa.com\/fra\/mousse-aerosol-innovation-cosmetique\/\"},\"author\":{\"name\":\"usuari1\",\"@id\":\"http:\/\/www.proersa.com\/fra\/#\/schema\/person\/95a28de497e6b158fa53fb3c10050f27\"},\"headline\":\"Mousse a\u00e9rosol\u00a0: 5 id\u00e9es pour gonfler vos ventes\",\"datePublished\":\"2019-06-05T09:24:34+00:00\",\"dateModified\":\"2021-01-14T15:44:54+00:00\",\"mainEntityOfPage\":{\"@id\":\"https:\/\/www.proersa.com\/fra\/mousse-aerosol-innovation-cosmetique\/\"},\"wordCount\":1102,\"commentCount\":0,\"publisher\":{\"@id\":\"http:\/\/www.proersa.com\/fra\/#organization\"},\"image\":{\"@id\":\"https:\/\/www.proersa.com\/fra\/mousse-aerosol-innovation-cosmetique\/#primaryimage\"},\"thumbnailUrl\":\"http:\/\/www.proersa.com\/fra\/wp-content\/uploads\/sites\/4\/2019\/04\/dove-scented-label-168x300.jpg\",\"articleSection\":[\"Sin categor\u00eda\"],\"inLanguage\":\"fr-FR\",\"potentialAction\":[{\"@type\":\"CommentAction\",\"name\":\"Comment\",\"target\":[\"https:\/\/www.proersa.com\/fra\/mousse-aerosol-innovation-cosmetique\/#respond\"]}]},{\"@type\":\"WebPage\",\"@id\":\"https:\/\/www.proersa.com\/fra\/mousse-aerosol-innovation-cosmetique\/\",\"url\":\"https:\/\/www.proersa.com\/fra\/mousse-aerosol-innovation-cosmetique\/\",\"name\":\"Fabrication mousses a\u00e9rosols - Focus sur 5 innovations qui font vendre\",\"isPartOf\":{\"@id\":\"http:\/\/www.proersa.com\/fra\/#website\"},\"primaryImageOfPage\":{\"@id\":\"https:\/\/www.proersa.com\/fra\/mousse-aerosol-innovation-cosmetique\/#primaryimage\"},\"image\":{\"@id\":\"https:\/\/www.proersa.com\/fra\/mousse-aerosol-innovation-cosmetique\/#primaryimage\"},\"thumbnailUrl\":\"http:\/\/www.proersa.com\/fra\/wp-content\/uploads\/sites\/4\/2019\/04\/dove-scented-label-168x300.jpg\",\"datePublished\":\"2019-06-05T09:24:34+00:00\",\"dateModified\":\"2021-01-14T15:44:54+00:00\",\"description\":\"Fabrication mousses a\u00e9rosols - Focus sur 5 innovations cosm\u00e9tiques qui font vendre et montrent les nouveaux usages de l'a\u00e9rosols.\",\"breadcrumb\":{\"@id\":\"https:\/\/www.proersa.com\/fra\/mousse-aerosol-innovation-cosmetique\/#breadcrumb\"},\"inLanguage\":\"fr-FR\",\"potentialAction\":[{\"@type\":\"ReadAction\",\"target\":[\"https:\/\/www.proersa.com\/fra\/mousse-aerosol-innovation-cosmetique\/\"]}]},{\"@type\":\"ImageObject\",\"inLanguage\":\"fr-FR\",\"@id\":\"https:\/\/www.proersa.com\/fra\/mousse-aerosol-innovation-cosmetique\/#primaryimage\",\"url\":\"https:\/\/www.proersa.com\/fra\/wp-content\/uploads\/sites\/4\/2019\/04\/dove-scented-label.jpg\",\"contentUrl\":\"https:\/\/www.proersa.com\/fra\/wp-content\/uploads\/sites\/4\/2019\/04\/dove-scented-label.jpg\",\"width\":957,\"height\":1711},{\"@type\":\"BreadcrumbList\",\"@id\":\"https:\/\/www.proersa.com\/fra\/mousse-aerosol-innovation-cosmetique\/#breadcrumb\",\"itemListElement\":[{\"@type\":\"ListItem\",\"position\":1,\"name\":\"Portada\",\"item\":\"http:\/\/www.proersa.com\/fra\/\"},{\"@type\":\"ListItem\",\"position\":2,\"name\":\"Mousse a\u00e9rosol\u00a0: 5 id\u00e9es pour gonfler vos ventes\"}]},{\"@type\":\"WebSite\",\"@id\":\"http:\/\/www.proersa.com\/fra\/#website\",\"url\":\"http:\/\/www.proersa.com\/fra\/\",\"name\":\"Fabrication &amp; Conditionnement d&#039;a\u00e9rosols\",\"description\":\"Proersa Aerosoles - fabricant d\u2019a\u00e9rosols - sous traitance industrielle pour vos produits cosm\u00e9tiques\",\"publisher\":{\"@id\":\"http:\/\/www.proersa.com\/fra\/#organization\"},\"potentialAction\":[{\"@type\":\"SearchAction\",\"target\":{\"@type\":\"EntryPoint\",\"urlTemplate\":\"http:\/\/www.proersa.com\/fra\/?s={search_term_string}\"},\"query-input\":{\"@type\":\"PropertyValueSpecification\",\"valueRequired\":true,\"valueName\":\"search_term_string\"}}],\"inLanguage\":\"fr-FR\"},{\"@type\":\"Organization\",\"@id\":\"http:\/\/www.proersa.com\/fra\/#organization\",\"name\":\"Fabrication &amp; Conditionnement d&#039;a\u00e9rosols\",\"url\":\"http:\/\/www.proersa.com\/fra\/\",\"logo\":{\"@type\":\"ImageObject\",\"inLanguage\":\"fr-FR\",\"@id\":\"http:\/\/www.proersa.com\/fra\/#\/schema\/logo\/image\/\",\"url\":\"https:\/\/www.proersa.com\/fra\/wp-content\/uploads\/sites\/4\/2019\/01\/Proersa_logo_aerosoles50_aniversary.jpg\",\"contentUrl\":\"https:\/\/www.proersa.com\/fra\/wp-content\/uploads\/sites\/4\/2019\/01\/Proersa_logo_aerosoles50_aniversary.jpg\",\"width\":263,\"height\":63,\"caption\":\"Fabrication &amp; Conditionnement d&#039;a\u00e9rosols\"},\"image\":{\"@id\":\"http:\/\/www.proersa.com\/fra\/#\/schema\/logo\/image\/\"}},{\"@type\":\"Person\",\"@id\":\"http:\/\/www.proersa.com\/fra\/#\/schema\/person\/95a28de497e6b158fa53fb3c10050f27\",\"name\":\"usuari1\",\"image\":{\"@type\":\"ImageObject\",\"inLanguage\":\"fr-FR\",\"@id\":\"http:\/\/www.proersa.com\/fra\/#\/schema\/person\/image\/\",\"url\":\"https:\/\/secure.gravatar.com\/avatar\/328b7bf50a5ec6c27f5ed7c9128e3ceb?s=96&d=mm&r=g\",\"contentUrl\":\"https:\/\/secure.gravatar.com\/avatar\/328b7bf50a5ec6c27f5ed7c9128e3ceb?s=96&d=mm&r=g\",\"caption\":\"usuari1\"},\"url\":\"https:\/\/www.proersa.com\/fra\/author\/anthony1\/\"}]}<\/script>\n<!-- \/ Yoast SEO plugin. -->","yoast_head_json":{"title":"Fabrication mousses a\u00e9rosols - Focus sur 5 innovations qui font vendre","description":"Fabrication mousses a\u00e9rosols - Focus sur 5 innovations cosm\u00e9tiques qui font vendre et montrent les nouveaux usages de l'a\u00e9rosols.","robots":{"index":"index","follow":"follow","max-snippet":"max-snippet:-1","max-image-preview":"max-image-preview:large","max-video-preview":"max-video-preview:-1"},"canonical":"https:\/\/www.proersa.com\/fra\/mousse-aerosol-innovation-cosmetique\/","og_locale":"fr_FR","og_type":"article","og_title":"Fabrication mousses a\u00e9rosols - Focus sur 5 innovations qui font vendre","og_description":"Fabrication mousses a\u00e9rosols - Focus sur 5 innovations cosm\u00e9tiques qui font vendre et montrent les nouveaux usages de l'a\u00e9rosols.","og_url":"https:\/\/www.proersa.com\/fra\/mousse-aerosol-innovation-cosmetique\/","og_site_name":"Fabrication &amp; Conditionnement d&#039;a\u00e9rosols","article_published_time":"2019-06-05T09:24:34+00:00","article_modified_time":"2021-01-14T15:44:54+00:00","og_image":[{"url":"http:\/\/www.proersa.com\/fra\/wp-content\/uploads\/sites\/4\/2019\/04\/dove-scented-label-168x300.jpg","type":"","width":"","height":""}],"author":"usuari1","twitter_card":"summary_large_image","twitter_misc":{"\u00c9crit par":"usuari1","Dur\u00e9e de lecture estim\u00e9e":"5 minutes"},"schema":{"@context":"https:\/\/schema.org","@graph":[{"@type":"Article","@id":"https:\/\/www.proersa.com\/fra\/mousse-aerosol-innovation-cosmetique\/#article","isPartOf":{"@id":"https:\/\/www.proersa.com\/fra\/mousse-aerosol-innovation-cosmetique\/"},"author":{"name":"usuari1","@id":"http:\/\/www.proersa.com\/fra\/#\/schema\/person\/95a28de497e6b158fa53fb3c10050f27"},"headline":"Mousse a\u00e9rosol\u00a0: 5 id\u00e9es pour gonfler vos ventes","datePublished":"2019-06-05T09:24:34+00:00","dateModified":"2021-01-14T15:44:54+00:00","mainEntityOfPage":{"@id":"https:\/\/www.proersa.com\/fra\/mousse-aerosol-innovation-cosmetique\/"},"wordCount":1102,"commentCount":0,"publisher":{"@id":"http:\/\/www.proersa.com\/fra\/#organization"},"image":{"@id":"https:\/\/www.proersa.com\/fra\/mousse-aerosol-innovation-cosmetique\/#primaryimage"},"thumbnailUrl":"http:\/\/www.proersa.com\/fra\/wp-content\/uploads\/sites\/4\/2019\/04\/dove-scented-label-168x300.jpg","articleSection":["Sin categor\u00eda"],"inLanguage":"fr-FR","potentialAction":[{"@type":"CommentAction","name":"Comment","target":["https:\/\/www.proersa.com\/fra\/mousse-aerosol-innovation-cosmetique\/#respond"]}]},{"@type":"WebPage","@id":"https:\/\/www.proersa.com\/fra\/mousse-aerosol-innovation-cosmetique\/","url":"https:\/\/www.proersa.com\/fra\/mousse-aerosol-innovation-cosmetique\/","name":"Fabrication mousses a\u00e9rosols - Focus sur 5 innovations qui font vendre","isPartOf":{"@id":"http:\/\/www.proersa.com\/fra\/#website"},"primaryImageOfPage":{"@id":"https:\/\/www.proersa.com\/fra\/mousse-aerosol-innovation-cosmetique\/#primaryimage"},"image":{"@id":"https:\/\/www.proersa.com\/fra\/mousse-aerosol-innovation-cosmetique\/#primaryimage"},"thumbnailUrl":"http:\/\/www.proersa.com\/fra\/wp-content\/uploads\/sites\/4\/2019\/04\/dove-scented-label-168x300.jpg","datePublished":"2019-06-05T09:24:34+00:00","dateModified":"2021-01-14T15:44:54+00:00","description":"Fabrication mousses a\u00e9rosols - Focus sur 5 innovations cosm\u00e9tiques qui font vendre et montrent les nouveaux usages de l'a\u00e9rosols.","breadcrumb":{"@id":"https:\/\/www.proersa.com\/fra\/mousse-aerosol-innovation-cosmetique\/#breadcrumb"},"inLanguage":"fr-FR","potentialAction":[{"@type":"ReadAction","target":["https:\/\/www.proersa.com\/fra\/mousse-aerosol-innovation-cosmetique\/"]}]},{"@type":"ImageObject","inLanguage":"fr-FR","@id":"https:\/\/www.proersa.com\/fra\/mousse-aerosol-innovation-cosmetique\/#primaryimage","url":"https:\/\/www.proersa.com\/fra\/wp-content\/uploads\/sites\/4\/2019\/04\/dove-scented-label.jpg","contentUrl":"https:\/\/www.proersa.com\/fra\/wp-content\/uploads\/sites\/4\/2019\/04\/dove-scented-label.jpg","width":957,"height":1711},{"@type":"BreadcrumbList","@id":"https:\/\/www.proersa.com\/fra\/mousse-aerosol-innovation-cosmetique\/#breadcrumb","itemListElement":[{"@type":"ListItem","position":1,"name":"Portada","item":"http:\/\/www.proersa.com\/fra\/"},{"@type":"ListItem","position":2,"name":"Mousse a\u00e9rosol\u00a0: 5 id\u00e9es pour gonfler vos ventes"}]},{"@type":"WebSite","@id":"http:\/\/www.proersa.com\/fra\/#website","url":"http:\/\/www.proersa.com\/fra\/","name":"Fabrication &amp; Conditionnement d&#039;a\u00e9rosols","description":"Proersa Aerosoles - fabricant d\u2019a\u00e9rosols - sous traitance industrielle pour vos produits cosm\u00e9tiques","publisher":{"@id":"http:\/\/www.proersa.com\/fra\/#organization"},"potentialAction":[{"@type":"SearchAction","target":{"@type":"EntryPoint","urlTemplate":"http:\/\/www.proersa.com\/fra\/?s={search_term_string}"},"query-input":{"@type":"PropertyValueSpecification","valueRequired":true,"valueName":"search_term_string"}}],"inLanguage":"fr-FR"},{"@type":"Organization","@id":"http:\/\/www.proersa.com\/fra\/#organization","name":"Fabrication &amp; Conditionnement d&#039;a\u00e9rosols","url":"http:\/\/www.proersa.com\/fra\/","logo":{"@type":"ImageObject","inLanguage":"fr-FR","@id":"http:\/\/www.proersa.com\/fra\/#\/schema\/logo\/image\/","url":"https:\/\/www.proersa.com\/fra\/wp-content\/uploads\/sites\/4\/2019\/01\/Proersa_logo_aerosoles50_aniversary.jpg","contentUrl":"https:\/\/www.proersa.com\/fra\/wp-content\/uploads\/sites\/4\/2019\/01\/Proersa_logo_aerosoles50_aniversary.jpg","width":263,"height":63,"caption":"Fabrication &amp; Conditionnement d&#039;a\u00e9rosols"},"image":{"@id":"http:\/\/www.proersa.com\/fra\/#\/schema\/logo\/image\/"}},{"@type":"Person","@id":"http:\/\/www.proersa.com\/fra\/#\/schema\/person\/95a28de497e6b158fa53fb3c10050f27","name":"usuari1","image":{"@type":"ImageObject","inLanguage":"fr-FR","@id":"http:\/\/www.proersa.com\/fra\/#\/schema\/person\/image\/","url":"https:\/\/secure.gravatar.com\/avatar\/328b7bf50a5ec6c27f5ed7c9128e3ceb?s=96&d=mm&r=g","contentUrl":"https:\/\/secure.gravatar.com\/avatar\/328b7bf50a5ec6c27f5ed7c9128e3ceb?s=96&d=mm&r=g","caption":"usuari1"},"url":"https:\/\/www.proersa.com\/fra\/author\/anthony1\/"}]}},"_links":{"self":[{"href":"https:\/\/www.proersa.com\/fra\/wp-json\/wp\/v2\/posts\/399","targetHints":{"allow":["GET"]}}],"collection":[{"href":"https:\/\/www.proersa.com\/fra\/wp-json\/wp\/v2\/posts"}],"about":[{"href":"https:\/\/www.proersa.com\/fra\/wp-json\/wp\/v2\/types\/post"}],"author":[{"embeddable":true,"href":"https:\/\/www.proersa.com\/fra\/wp-json\/wp\/v2\/users\/3"}],"replies":[{"embeddable":true,"href":"https:\/\/www.proersa.com\/fra\/wp-json\/wp\/v2\/comments?post=399"}],"version-history":[{"count":5,"href":"https:\/\/www.proersa.com\/fra\/wp-json\/wp\/v2\/posts\/399\/revisions"}],"predecessor-version":[{"id":795,"href":"https:\/\/www.proersa.com\/fra\/wp-json\/wp\/v2\/posts\/399\/revisions\/795"}],"wp:attachment":[{"href":"https:\/\/www.proersa.com\/fra\/wp-json\/wp\/v2\/media?parent=399"}],"wp:term":[{"taxonomy":"category","embeddable":true,"href":"https:\/\/www.proersa.com\/fra\/wp-json\/wp\/v2\/categories?post=399"},{"taxonomy":"post_tag","embeddable":true,"href":"https:\/\/www.proersa.com\/fra\/wp-json\/wp\/v2\/tags?post=399"}],"curies":[{"name":"wp","href":"https:\/\/api.w.org\/{rel}","templated":true}]}}