{"id":272,"date":"2019-04-01T05:37:34","date_gmt":"2019-04-01T05:37:34","guid":{"rendered":"http:\/\/www.proersa.com\/fra\/?p=272"},"modified":"2019-04-01T05:47:56","modified_gmt":"2019-04-01T05:47:56","slug":"marketing-sensoriel-etiquettes-parfumees-vendre-plus-d-aerosols-conditionnement-fabrication","status":"publish","type":"post","link":"https:\/\/www.proersa.com\/fra\/marketing-sensoriel-etiquettes-parfumees-vendre-plus-d-aerosols-conditionnement-fabrication\/","title":{"rendered":"Marketing sensoriel: comment des \u00e9tiquettes parfum\u00e9es peuvent vous aider \u00e0 vendre plus d\u2019a\u00e9rosols ?"},"content":{"rendered":"<h2>Marketing sensoriel: comment des \u00e9tiquettes parfum\u00e9es peuvent vous aider \u00e0 vendre plus d\u2019a\u00e9rosols ?<\/h2>\n<p>Le pouvoir de notre inconscient sur nos actes d\u2019achats n\u2019est plus \u00e0 prouver. Les scientifiques s\u2019accordent \u00e0 dire que notre inconscient prend la d\u00e9cision \u00e0 cause d\u2019un stimuli ext\u00e9rieur et ensuite notre cerveau travaille pour rationaliser et fabriquer une histoire coh\u00e9rente.<\/p>\n<h2><img loading=\"lazy\" decoding=\"async\" class=\"alignnone size-full wp-image-273\" src=\"http:\/\/www.proersa.com\/fra\/wp-content\/uploads\/sites\/4\/2019\/04\/brain-decision-process.png\" alt=\"\" width=\"288\" height=\"175\" srcset=\"https:\/\/www.proersa.com\/fra\/wp-content\/uploads\/sites\/4\/2019\/04\/brain-decision-process.png 288w, https:\/\/www.proersa.com\/fra\/wp-content\/uploads\/sites\/4\/2019\/04\/brain-decision-process-250x152.png 250w\" sizes=\"auto, (max-width: 288px) 100vw, 288px\" \/><\/h2>\n<p>Pour illustrer ce concept, nous pouvons prendre cette situation que nous avons tous v\u00e9cu \u00e0 un moment ou un autre. Qui ne s\u2019est jamais retrouv\u00e9 dans un supermarch\u00e9, sans l\u2019intention particuli\u00e8re d\u2019acheter du pain, et au moment de passer devant le rayon boulangerie, l\u2019odeur des croissants vous am\u00e8ne \u00e0 mettre une baguette dans votre chariot\u00a0?<br \/>\nLes travaux du chercheur am\u00e9ricain Eric Spangenberg* (Washington State University) ont notamment montr\u00e9 que les odeurs dans les points de vente avaient une influence directe sur le temps pass\u00e9 en magasin, mais aussi sur le parcours \u00e0 l\u2019int\u00e9rieur du magasin.<\/p>\n<p>Un des outils que nous voulons mettre en avant dans cet article est l\u2019\u00e9tiquette parfum\u00e9e. Nous pensons que ce nouveau concept pourrait int\u00e9resser tout particuli\u00e8rement nos clients vendant des produits avec des odeurs et une sensorialit\u00e9 travaill\u00e9e.<br \/>\nEx\u00a0: Unilever les utilise d\u00e9j\u00e0 pour ces mousses de douche et d\u00e9odorants.<\/p>\n<p>Par exemple, sur cette photo, vous pouvez voir que l\u2019\u00e9tiquette parfum\u00e9e est plac\u00e9e strat\u00e9giquement sur le capot de l\u2019a\u00e9rosol<\/p>\n<p><img loading=\"lazy\" decoding=\"async\" class=\"alignnone size-medium wp-image-274\" src=\"http:\/\/www.proersa.com\/fra\/wp-content\/uploads\/sites\/4\/2019\/04\/dove-scented-label-168x300.jpg\" alt=\"\" width=\"168\" height=\"300\" srcset=\"https:\/\/www.proersa.com\/fra\/wp-content\/uploads\/sites\/4\/2019\/04\/dove-scented-label-168x300.jpg 168w, https:\/\/www.proersa.com\/fra\/wp-content\/uploads\/sites\/4\/2019\/04\/dove-scented-label-768x1373.jpg 768w, https:\/\/www.proersa.com\/fra\/wp-content\/uploads\/sites\/4\/2019\/04\/dove-scented-label-573x1024.jpg 573w, https:\/\/www.proersa.com\/fra\/wp-content\/uploads\/sites\/4\/2019\/04\/dove-scented-label-250x447.jpg 250w, https:\/\/www.proersa.com\/fra\/wp-content\/uploads\/sites\/4\/2019\/04\/dove-scented-label.jpg 957w\" sizes=\"auto, (max-width: 168px) 100vw, 168px\" \/><img loading=\"lazy\" decoding=\"async\" class=\"alignnone size-medium wp-image-275\" src=\"http:\/\/www.proersa.com\/fra\/wp-content\/uploads\/sites\/4\/2019\/04\/dove-scented-labelv2-300x264.jpg\" alt=\"\" width=\"300\" height=\"264\" srcset=\"https:\/\/www.proersa.com\/fra\/wp-content\/uploads\/sites\/4\/2019\/04\/dove-scented-labelv2-300x264.jpg 300w, https:\/\/www.proersa.com\/fra\/wp-content\/uploads\/sites\/4\/2019\/04\/dove-scented-labelv2-768x675.jpg 768w, https:\/\/www.proersa.com\/fra\/wp-content\/uploads\/sites\/4\/2019\/04\/dove-scented-labelv2-250x220.jpg 250w, https:\/\/www.proersa.com\/fra\/wp-content\/uploads\/sites\/4\/2019\/04\/dove-scented-labelv2.jpg 831w\" sizes=\"auto, (max-width: 300px) 100vw, 300px\" \/><\/p>\n<p>Gr\u00e2ce \u00e0 ces \u00e9tiquettes, vous offrez \u00e0 vos produits une opportunit\u00e9 de plus de se d\u00e9marquer de vos concurrents. Quand vos comp\u00e9titeurs se concentrent uniquement sur le plan visuel, vous prenez rapidement un temps d\u2019avance car vous \u00eates capable d\u2019offrir un produit qui peut vendre visuellement et olfactivement.<\/p>\n<p>De plus, ces \u00e9tiquettes sont le parfait moyen de garder les produits inviol\u00e9s en magasin. Pour tous les produits parfum\u00e9s, le consommateur en magasin a tendance \u00e0 vouloir ouvrir les produits pour tester lui m\u00eames. Les clients utilisant ces \u00e9tiquettes ont constat\u00e9 des baisses de l\u2019ordre de 20% de leurs produits non vendables en magasin.<\/p>\n<p><img loading=\"lazy\" decoding=\"async\" class=\"size-medium wp-image-276 alignleft\" src=\"http:\/\/www.proersa.com\/fra\/wp-content\/uploads\/sites\/4\/2019\/04\/Leading-Edge-Logo-small-300x95.png\" alt=\"\" width=\"300\" height=\"95\" srcset=\"https:\/\/www.proersa.com\/fra\/wp-content\/uploads\/sites\/4\/2019\/04\/Leading-Edge-Logo-small-300x95.png 300w, https:\/\/www.proersa.com\/fra\/wp-content\/uploads\/sites\/4\/2019\/04\/Leading-Edge-Logo-small-250x79.png 250w, https:\/\/www.proersa.com\/fra\/wp-content\/uploads\/sites\/4\/2019\/04\/Leading-Edge-Logo-small.png 316w\" sizes=\"auto, (max-width: 300px) 100vw, 300px\" \/>Pour ces \u00e9tiquettes, nous travaillons en partenariat avec la soci\u00e9t\u00e9 <a href=\"http:\/\/www.leadingedgelabels.co.uk\/\">Leading Edge Labels and Packaging<\/a>, bas\u00e9 dans le Sud Est de l\u2019Angleterre , qui est une r\u00e9f\u00e9rence europ\u00e9enne dans la production de packaging pour le secteur FMCG. Leading Edge exporte environ 65% de sa production vers le marche europ\u00e9en et mondialement.<\/p>\n<p>&nbsp;<\/p>\n<p>Pour toutes demandes d\u2019informations compl\u00e9mentaires sur ces \u00e9tiquettes parfum\u00e9es et\/ou sur le conditionnement de vos mousses de douche, d\u00e9odorants ou a\u00e9rosols, merci de prendre contact avec nous sur <a href=\"mailto:info@proersa.com\">info@proersa.com<\/a><\/p>\n<p>L\u2019\u00e9quipe PROERSA<\/p>\n<p>*source\u00a0: Spangenberg, E. R., Crowley, A. E., Henderson, P. W. (1996). Improving the store environment: Do olfactory cues affect evaluations and behaviors? The Journal of Marketing, 60(2), 67\u201380.<\/p>\n","protected":false},"excerpt":{"rendered":"<p>Marketing sensoriel: comment des \u00e9tiquettes parfum\u00e9es peuvent vous aider \u00e0 vendre plus d\u2019a\u00e9rosols ? Le pouvoir de notre inconscient sur [&hellip;]<\/p>\n","protected":false},"author":3,"featured_media":0,"comment_status":"open","ping_status":"open","sticky":false,"template":"","format":"standard","meta":{"footnotes":""},"categories":[1],"tags":[],"class_list":["post-272","post","type-post","status-publish","format-standard","hentry","category-sin-categoria"],"yoast_head":"<!-- This site is optimized with the Yoast SEO plugin v26.7 - https:\/\/yoast.com\/wordpress\/plugins\/seo\/ -->\n<title>Marketing sensoriel: comment des \u00e9tiquettes parfum\u00e9es peuvent vous aider \u00e0 vendre plus d\u2019a\u00e9rosols ? - Fabrication &amp; Conditionnement d&#039;a\u00e9rosols<\/title>\n<meta name=\"robots\" content=\"index, follow, max-snippet:-1, max-image-preview:large, max-video-preview:-1\" \/>\n<link rel=\"canonical\" href=\"https:\/\/www.proersa.com\/fra\/marketing-sensoriel-etiquettes-parfumees-vendre-plus-d-aerosols-conditionnement-fabrication\/\" \/>\n<meta property=\"og:locale\" content=\"fr_FR\" \/>\n<meta property=\"og:type\" content=\"article\" \/>\n<meta property=\"og:title\" content=\"Marketing sensoriel: comment des \u00e9tiquettes parfum\u00e9es peuvent vous aider \u00e0 vendre plus d\u2019a\u00e9rosols ? - Fabrication &amp; Conditionnement d&#039;a\u00e9rosols\" \/>\n<meta property=\"og:description\" content=\"Marketing sensoriel: comment des \u00e9tiquettes parfum\u00e9es peuvent vous aider \u00e0 vendre plus d\u2019a\u00e9rosols ? Le pouvoir de notre inconscient sur [&hellip;]\" \/>\n<meta property=\"og:url\" content=\"https:\/\/www.proersa.com\/fra\/marketing-sensoriel-etiquettes-parfumees-vendre-plus-d-aerosols-conditionnement-fabrication\/\" \/>\n<meta property=\"og:site_name\" content=\"Fabrication &amp; Conditionnement d&#039;a\u00e9rosols\" \/>\n<meta property=\"article:published_time\" content=\"2019-04-01T05:37:34+00:00\" \/>\n<meta property=\"article:modified_time\" content=\"2019-04-01T05:47:56+00:00\" \/>\n<meta property=\"og:image\" content=\"http:\/\/www.proersa.com\/fra\/wp-content\/uploads\/sites\/4\/2019\/04\/brain-decision-process.png\" \/>\n<meta name=\"author\" content=\"usuari1\" \/>\n<meta name=\"twitter:card\" content=\"summary_large_image\" \/>\n<meta name=\"twitter:label1\" content=\"\u00c9crit par\" \/>\n\t<meta name=\"twitter:data1\" content=\"usuari1\" \/>\n\t<meta name=\"twitter:label2\" content=\"Dur\u00e9e de lecture estim\u00e9e\" \/>\n\t<meta name=\"twitter:data2\" content=\"2 minutes\" \/>\n<script type=\"application\/ld+json\" class=\"yoast-schema-graph\">{\"@context\":\"https:\/\/schema.org\",\"@graph\":[{\"@type\":\"Article\",\"@id\":\"https:\/\/www.proersa.com\/fra\/marketing-sensoriel-etiquettes-parfumees-vendre-plus-d-aerosols-conditionnement-fabrication\/#article\",\"isPartOf\":{\"@id\":\"https:\/\/www.proersa.com\/fra\/marketing-sensoriel-etiquettes-parfumees-vendre-plus-d-aerosols-conditionnement-fabrication\/\"},\"author\":{\"name\":\"usuari1\",\"@id\":\"http:\/\/www.proersa.com\/fra\/#\/schema\/person\/95a28de497e6b158fa53fb3c10050f27\"},\"headline\":\"Marketing sensoriel: comment des \u00e9tiquettes parfum\u00e9es peuvent vous aider \u00e0 vendre plus d\u2019a\u00e9rosols ?\",\"datePublished\":\"2019-04-01T05:37:34+00:00\",\"dateModified\":\"2019-04-01T05:47:56+00:00\",\"mainEntityOfPage\":{\"@id\":\"https:\/\/www.proersa.com\/fra\/marketing-sensoriel-etiquettes-parfumees-vendre-plus-d-aerosols-conditionnement-fabrication\/\"},\"wordCount\":487,\"commentCount\":0,\"publisher\":{\"@id\":\"http:\/\/www.proersa.com\/fra\/#organization\"},\"image\":{\"@id\":\"https:\/\/www.proersa.com\/fra\/marketing-sensoriel-etiquettes-parfumees-vendre-plus-d-aerosols-conditionnement-fabrication\/#primaryimage\"},\"thumbnailUrl\":\"http:\/\/www.proersa.com\/fra\/wp-content\/uploads\/sites\/4\/2019\/04\/brain-decision-process.png\",\"articleSection\":[\"Sin categor\u00eda\"],\"inLanguage\":\"fr-FR\",\"potentialAction\":[{\"@type\":\"CommentAction\",\"name\":\"Comment\",\"target\":[\"https:\/\/www.proersa.com\/fra\/marketing-sensoriel-etiquettes-parfumees-vendre-plus-d-aerosols-conditionnement-fabrication\/#respond\"]}]},{\"@type\":\"WebPage\",\"@id\":\"https:\/\/www.proersa.com\/fra\/marketing-sensoriel-etiquettes-parfumees-vendre-plus-d-aerosols-conditionnement-fabrication\/\",\"url\":\"https:\/\/www.proersa.com\/fra\/marketing-sensoriel-etiquettes-parfumees-vendre-plus-d-aerosols-conditionnement-fabrication\/\",\"name\":\"Marketing sensoriel: comment des \u00e9tiquettes parfum\u00e9es peuvent vous aider \u00e0 vendre plus d\u2019a\u00e9rosols ? - Fabrication &amp; Conditionnement d&#039;a\u00e9rosols\",\"isPartOf\":{\"@id\":\"http:\/\/www.proersa.com\/fra\/#website\"},\"primaryImageOfPage\":{\"@id\":\"https:\/\/www.proersa.com\/fra\/marketing-sensoriel-etiquettes-parfumees-vendre-plus-d-aerosols-conditionnement-fabrication\/#primaryimage\"},\"image\":{\"@id\":\"https:\/\/www.proersa.com\/fra\/marketing-sensoriel-etiquettes-parfumees-vendre-plus-d-aerosols-conditionnement-fabrication\/#primaryimage\"},\"thumbnailUrl\":\"http:\/\/www.proersa.com\/fra\/wp-content\/uploads\/sites\/4\/2019\/04\/brain-decision-process.png\",\"datePublished\":\"2019-04-01T05:37:34+00:00\",\"dateModified\":\"2019-04-01T05:47:56+00:00\",\"breadcrumb\":{\"@id\":\"https:\/\/www.proersa.com\/fra\/marketing-sensoriel-etiquettes-parfumees-vendre-plus-d-aerosols-conditionnement-fabrication\/#breadcrumb\"},\"inLanguage\":\"fr-FR\",\"potentialAction\":[{\"@type\":\"ReadAction\",\"target\":[\"https:\/\/www.proersa.com\/fra\/marketing-sensoriel-etiquettes-parfumees-vendre-plus-d-aerosols-conditionnement-fabrication\/\"]}]},{\"@type\":\"ImageObject\",\"inLanguage\":\"fr-FR\",\"@id\":\"https:\/\/www.proersa.com\/fra\/marketing-sensoriel-etiquettes-parfumees-vendre-plus-d-aerosols-conditionnement-fabrication\/#primaryimage\",\"url\":\"https:\/\/www.proersa.com\/fra\/wp-content\/uploads\/sites\/4\/2019\/04\/brain-decision-process.png\",\"contentUrl\":\"https:\/\/www.proersa.com\/fra\/wp-content\/uploads\/sites\/4\/2019\/04\/brain-decision-process.png\",\"width\":288,\"height\":175},{\"@type\":\"BreadcrumbList\",\"@id\":\"https:\/\/www.proersa.com\/fra\/marketing-sensoriel-etiquettes-parfumees-vendre-plus-d-aerosols-conditionnement-fabrication\/#breadcrumb\",\"itemListElement\":[{\"@type\":\"ListItem\",\"position\":1,\"name\":\"Portada\",\"item\":\"http:\/\/www.proersa.com\/fra\/\"},{\"@type\":\"ListItem\",\"position\":2,\"name\":\"Marketing sensoriel: comment des \u00e9tiquettes parfum\u00e9es peuvent vous aider \u00e0 vendre plus d\u2019a\u00e9rosols ?\"}]},{\"@type\":\"WebSite\",\"@id\":\"http:\/\/www.proersa.com\/fra\/#website\",\"url\":\"http:\/\/www.proersa.com\/fra\/\",\"name\":\"Fabrication &amp; Conditionnement d&#039;a\u00e9rosols\",\"description\":\"Proersa Aerosoles - fabricant d\u2019a\u00e9rosols - sous traitance industrielle pour vos produits cosm\u00e9tiques\",\"publisher\":{\"@id\":\"http:\/\/www.proersa.com\/fra\/#organization\"},\"potentialAction\":[{\"@type\":\"SearchAction\",\"target\":{\"@type\":\"EntryPoint\",\"urlTemplate\":\"http:\/\/www.proersa.com\/fra\/?s={search_term_string}\"},\"query-input\":{\"@type\":\"PropertyValueSpecification\",\"valueRequired\":true,\"valueName\":\"search_term_string\"}}],\"inLanguage\":\"fr-FR\"},{\"@type\":\"Organization\",\"@id\":\"http:\/\/www.proersa.com\/fra\/#organization\",\"name\":\"Fabrication &amp; Conditionnement d&#039;a\u00e9rosols\",\"url\":\"http:\/\/www.proersa.com\/fra\/\",\"logo\":{\"@type\":\"ImageObject\",\"inLanguage\":\"fr-FR\",\"@id\":\"http:\/\/www.proersa.com\/fra\/#\/schema\/logo\/image\/\",\"url\":\"https:\/\/www.proersa.com\/fra\/wp-content\/uploads\/sites\/4\/2019\/01\/Proersa_logo_aerosoles50_aniversary.jpg\",\"contentUrl\":\"https:\/\/www.proersa.com\/fra\/wp-content\/uploads\/sites\/4\/2019\/01\/Proersa_logo_aerosoles50_aniversary.jpg\",\"width\":263,\"height\":63,\"caption\":\"Fabrication &amp; Conditionnement d&#039;a\u00e9rosols\"},\"image\":{\"@id\":\"http:\/\/www.proersa.com\/fra\/#\/schema\/logo\/image\/\"}},{\"@type\":\"Person\",\"@id\":\"http:\/\/www.proersa.com\/fra\/#\/schema\/person\/95a28de497e6b158fa53fb3c10050f27\",\"name\":\"usuari1\",\"image\":{\"@type\":\"ImageObject\",\"inLanguage\":\"fr-FR\",\"@id\":\"http:\/\/www.proersa.com\/fra\/#\/schema\/person\/image\/\",\"url\":\"https:\/\/secure.gravatar.com\/avatar\/328b7bf50a5ec6c27f5ed7c9128e3ceb?s=96&d=mm&r=g\",\"contentUrl\":\"https:\/\/secure.gravatar.com\/avatar\/328b7bf50a5ec6c27f5ed7c9128e3ceb?s=96&d=mm&r=g\",\"caption\":\"usuari1\"},\"url\":\"https:\/\/www.proersa.com\/fra\/author\/anthony1\/\"}]}<\/script>\n<!-- \/ Yoast SEO plugin. -->","yoast_head_json":{"title":"Marketing sensoriel: comment des \u00e9tiquettes parfum\u00e9es peuvent vous aider \u00e0 vendre plus d\u2019a\u00e9rosols ? - Fabrication &amp; Conditionnement d&#039;a\u00e9rosols","robots":{"index":"index","follow":"follow","max-snippet":"max-snippet:-1","max-image-preview":"max-image-preview:large","max-video-preview":"max-video-preview:-1"},"canonical":"https:\/\/www.proersa.com\/fra\/marketing-sensoriel-etiquettes-parfumees-vendre-plus-d-aerosols-conditionnement-fabrication\/","og_locale":"fr_FR","og_type":"article","og_title":"Marketing sensoriel: comment des \u00e9tiquettes parfum\u00e9es peuvent vous aider \u00e0 vendre plus d\u2019a\u00e9rosols ? - Fabrication &amp; Conditionnement d&#039;a\u00e9rosols","og_description":"Marketing sensoriel: comment des \u00e9tiquettes parfum\u00e9es peuvent vous aider \u00e0 vendre plus d\u2019a\u00e9rosols ? Le pouvoir de notre inconscient sur [&hellip;]","og_url":"https:\/\/www.proersa.com\/fra\/marketing-sensoriel-etiquettes-parfumees-vendre-plus-d-aerosols-conditionnement-fabrication\/","og_site_name":"Fabrication &amp; Conditionnement d&#039;a\u00e9rosols","article_published_time":"2019-04-01T05:37:34+00:00","article_modified_time":"2019-04-01T05:47:56+00:00","og_image":[{"url":"http:\/\/www.proersa.com\/fra\/wp-content\/uploads\/sites\/4\/2019\/04\/brain-decision-process.png","type":"","width":"","height":""}],"author":"usuari1","twitter_card":"summary_large_image","twitter_misc":{"\u00c9crit par":"usuari1","Dur\u00e9e de lecture estim\u00e9e":"2 minutes"},"schema":{"@context":"https:\/\/schema.org","@graph":[{"@type":"Article","@id":"https:\/\/www.proersa.com\/fra\/marketing-sensoriel-etiquettes-parfumees-vendre-plus-d-aerosols-conditionnement-fabrication\/#article","isPartOf":{"@id":"https:\/\/www.proersa.com\/fra\/marketing-sensoriel-etiquettes-parfumees-vendre-plus-d-aerosols-conditionnement-fabrication\/"},"author":{"name":"usuari1","@id":"http:\/\/www.proersa.com\/fra\/#\/schema\/person\/95a28de497e6b158fa53fb3c10050f27"},"headline":"Marketing sensoriel: comment des \u00e9tiquettes parfum\u00e9es peuvent vous aider \u00e0 vendre plus d\u2019a\u00e9rosols ?","datePublished":"2019-04-01T05:37:34+00:00","dateModified":"2019-04-01T05:47:56+00:00","mainEntityOfPage":{"@id":"https:\/\/www.proersa.com\/fra\/marketing-sensoriel-etiquettes-parfumees-vendre-plus-d-aerosols-conditionnement-fabrication\/"},"wordCount":487,"commentCount":0,"publisher":{"@id":"http:\/\/www.proersa.com\/fra\/#organization"},"image":{"@id":"https:\/\/www.proersa.com\/fra\/marketing-sensoriel-etiquettes-parfumees-vendre-plus-d-aerosols-conditionnement-fabrication\/#primaryimage"},"thumbnailUrl":"http:\/\/www.proersa.com\/fra\/wp-content\/uploads\/sites\/4\/2019\/04\/brain-decision-process.png","articleSection":["Sin categor\u00eda"],"inLanguage":"fr-FR","potentialAction":[{"@type":"CommentAction","name":"Comment","target":["https:\/\/www.proersa.com\/fra\/marketing-sensoriel-etiquettes-parfumees-vendre-plus-d-aerosols-conditionnement-fabrication\/#respond"]}]},{"@type":"WebPage","@id":"https:\/\/www.proersa.com\/fra\/marketing-sensoriel-etiquettes-parfumees-vendre-plus-d-aerosols-conditionnement-fabrication\/","url":"https:\/\/www.proersa.com\/fra\/marketing-sensoriel-etiquettes-parfumees-vendre-plus-d-aerosols-conditionnement-fabrication\/","name":"Marketing sensoriel: comment des \u00e9tiquettes parfum\u00e9es peuvent vous aider \u00e0 vendre plus d\u2019a\u00e9rosols ? - Fabrication &amp; Conditionnement d&#039;a\u00e9rosols","isPartOf":{"@id":"http:\/\/www.proersa.com\/fra\/#website"},"primaryImageOfPage":{"@id":"https:\/\/www.proersa.com\/fra\/marketing-sensoriel-etiquettes-parfumees-vendre-plus-d-aerosols-conditionnement-fabrication\/#primaryimage"},"image":{"@id":"https:\/\/www.proersa.com\/fra\/marketing-sensoriel-etiquettes-parfumees-vendre-plus-d-aerosols-conditionnement-fabrication\/#primaryimage"},"thumbnailUrl":"http:\/\/www.proersa.com\/fra\/wp-content\/uploads\/sites\/4\/2019\/04\/brain-decision-process.png","datePublished":"2019-04-01T05:37:34+00:00","dateModified":"2019-04-01T05:47:56+00:00","breadcrumb":{"@id":"https:\/\/www.proersa.com\/fra\/marketing-sensoriel-etiquettes-parfumees-vendre-plus-d-aerosols-conditionnement-fabrication\/#breadcrumb"},"inLanguage":"fr-FR","potentialAction":[{"@type":"ReadAction","target":["https:\/\/www.proersa.com\/fra\/marketing-sensoriel-etiquettes-parfumees-vendre-plus-d-aerosols-conditionnement-fabrication\/"]}]},{"@type":"ImageObject","inLanguage":"fr-FR","@id":"https:\/\/www.proersa.com\/fra\/marketing-sensoriel-etiquettes-parfumees-vendre-plus-d-aerosols-conditionnement-fabrication\/#primaryimage","url":"https:\/\/www.proersa.com\/fra\/wp-content\/uploads\/sites\/4\/2019\/04\/brain-decision-process.png","contentUrl":"https:\/\/www.proersa.com\/fra\/wp-content\/uploads\/sites\/4\/2019\/04\/brain-decision-process.png","width":288,"height":175},{"@type":"BreadcrumbList","@id":"https:\/\/www.proersa.com\/fra\/marketing-sensoriel-etiquettes-parfumees-vendre-plus-d-aerosols-conditionnement-fabrication\/#breadcrumb","itemListElement":[{"@type":"ListItem","position":1,"name":"Portada","item":"http:\/\/www.proersa.com\/fra\/"},{"@type":"ListItem","position":2,"name":"Marketing sensoriel: comment des \u00e9tiquettes parfum\u00e9es peuvent vous aider \u00e0 vendre plus d\u2019a\u00e9rosols ?"}]},{"@type":"WebSite","@id":"http:\/\/www.proersa.com\/fra\/#website","url":"http:\/\/www.proersa.com\/fra\/","name":"Fabrication &amp; Conditionnement d&#039;a\u00e9rosols","description":"Proersa Aerosoles - fabricant d\u2019a\u00e9rosols - sous traitance industrielle pour vos produits cosm\u00e9tiques","publisher":{"@id":"http:\/\/www.proersa.com\/fra\/#organization"},"potentialAction":[{"@type":"SearchAction","target":{"@type":"EntryPoint","urlTemplate":"http:\/\/www.proersa.com\/fra\/?s={search_term_string}"},"query-input":{"@type":"PropertyValueSpecification","valueRequired":true,"valueName":"search_term_string"}}],"inLanguage":"fr-FR"},{"@type":"Organization","@id":"http:\/\/www.proersa.com\/fra\/#organization","name":"Fabrication &amp; Conditionnement d&#039;a\u00e9rosols","url":"http:\/\/www.proersa.com\/fra\/","logo":{"@type":"ImageObject","inLanguage":"fr-FR","@id":"http:\/\/www.proersa.com\/fra\/#\/schema\/logo\/image\/","url":"https:\/\/www.proersa.com\/fra\/wp-content\/uploads\/sites\/4\/2019\/01\/Proersa_logo_aerosoles50_aniversary.jpg","contentUrl":"https:\/\/www.proersa.com\/fra\/wp-content\/uploads\/sites\/4\/2019\/01\/Proersa_logo_aerosoles50_aniversary.jpg","width":263,"height":63,"caption":"Fabrication &amp; Conditionnement d&#039;a\u00e9rosols"},"image":{"@id":"http:\/\/www.proersa.com\/fra\/#\/schema\/logo\/image\/"}},{"@type":"Person","@id":"http:\/\/www.proersa.com\/fra\/#\/schema\/person\/95a28de497e6b158fa53fb3c10050f27","name":"usuari1","image":{"@type":"ImageObject","inLanguage":"fr-FR","@id":"http:\/\/www.proersa.com\/fra\/#\/schema\/person\/image\/","url":"https:\/\/secure.gravatar.com\/avatar\/328b7bf50a5ec6c27f5ed7c9128e3ceb?s=96&d=mm&r=g","contentUrl":"https:\/\/secure.gravatar.com\/avatar\/328b7bf50a5ec6c27f5ed7c9128e3ceb?s=96&d=mm&r=g","caption":"usuari1"},"url":"https:\/\/www.proersa.com\/fra\/author\/anthony1\/"}]}},"_links":{"self":[{"href":"https:\/\/www.proersa.com\/fra\/wp-json\/wp\/v2\/posts\/272","targetHints":{"allow":["GET"]}}],"collection":[{"href":"https:\/\/www.proersa.com\/fra\/wp-json\/wp\/v2\/posts"}],"about":[{"href":"https:\/\/www.proersa.com\/fra\/wp-json\/wp\/v2\/types\/post"}],"author":[{"embeddable":true,"href":"https:\/\/www.proersa.com\/fra\/wp-json\/wp\/v2\/users\/3"}],"replies":[{"embeddable":true,"href":"https:\/\/www.proersa.com\/fra\/wp-json\/wp\/v2\/comments?post=272"}],"version-history":[{"count":3,"href":"https:\/\/www.proersa.com\/fra\/wp-json\/wp\/v2\/posts\/272\/revisions"}],"predecessor-version":[{"id":279,"href":"https:\/\/www.proersa.com\/fra\/wp-json\/wp\/v2\/posts\/272\/revisions\/279"}],"wp:attachment":[{"href":"https:\/\/www.proersa.com\/fra\/wp-json\/wp\/v2\/media?parent=272"}],"wp:term":[{"taxonomy":"category","embeddable":true,"href":"https:\/\/www.proersa.com\/fra\/wp-json\/wp\/v2\/categories?post=272"},{"taxonomy":"post_tag","embeddable":true,"href":"https:\/\/www.proersa.com\/fra\/wp-json\/wp\/v2\/tags?post=272"}],"curies":[{"name":"wp","href":"https:\/\/api.w.org\/{rel}","templated":true}]}}