{"id":262,"date":"2019-03-13T07:37:16","date_gmt":"2019-03-13T07:37:16","guid":{"rendered":"http:\/\/www.proersa.com\/fra\/?p=262"},"modified":"2019-03-18T12:54:02","modified_gmt":"2019-03-18T12:54:02","slug":"cosmoprof-2019-le-conditionnement-aerosol-a-la-cote","status":"publish","type":"post","link":"https:\/\/www.proersa.com\/fra\/cosmoprof-2019-le-conditionnement-aerosol-a-la-cote\/","title":{"rendered":"Cosmoprof 2019 : l\u2019a\u00e9rosol a la cote"},"content":{"rendered":"<h1>Cosmoprof 2019 : l\u2019a\u00e9rosol a la cote<\/h1>\n<p><img loading=\"lazy\" decoding=\"async\" class=\"alignnone size-medium wp-image-263\" src=\"http:\/\/www.proersa.com\/fra\/wp-content\/uploads\/sites\/4\/2019\/03\/Cosmoprof-Bologna-2019-event-designed-around-sustainability_wrbm_large-300x194.png\" alt=\"\" width=\"300\" height=\"194\" srcset=\"https:\/\/www.proersa.com\/fra\/wp-content\/uploads\/sites\/4\/2019\/03\/Cosmoprof-Bologna-2019-event-designed-around-sustainability_wrbm_large-300x194.png 300w, https:\/\/www.proersa.com\/fra\/wp-content\/uploads\/sites\/4\/2019\/03\/Cosmoprof-Bologna-2019-event-designed-around-sustainability_wrbm_large-250x161.png 250w, https:\/\/www.proersa.com\/fra\/wp-content\/uploads\/sites\/4\/2019\/03\/Cosmoprof-Bologna-2019-event-designed-around-sustainability_wrbm_large.png 600w\" sizes=\"auto, (max-width: 300px) 100vw, 300px\" \/><\/p>\n<p>Comme chaque ann\u00e9e, le secteur de la cosm\u00e9tique se donne rendez-vous sur le c\u00e9l\u00e8bre salon <a href=\"https:\/\/www.cosmoprof.com\/en\/\">Cosmoprof<\/a>, qui se tient \u00e0 Bologne du 14 au 18 Mars. Si vous n\u2019\u00eates pas familier avec ce salon, il s\u2019agit probablement du plus gros salon europ\u00e9en de la cosm\u00e9tique.<br \/>\nProersa ne fait pas exception \u00e0 la r\u00e8gle et sera aussi pr\u00e9sent dans les trav\u00e9es du salon, a la recherche de nouveaux produits.<\/p>\n<p>Et pour ceux qui veulent \u00eatre conna\u00eetre toutes les dern\u00eceres tendances et les marques \u00e0 suivre, Cosmoprof, en collaboration avec l\u2019agence Beautystreams, a publi\u00e9 ce petit guide qui met en avant certaines marques pour leurs cr\u00e9ations de nouveaux produits.<\/p>\n<p>Ce guide est disponible au t\u00e9l\u00e9chargement en cliquant sur le lien suivant<\/p>\n<p><a href=\"http:\/\/www.proersa.com\/eng\/wp-content\/uploads\/sites\/3\/2019\/03\/CosmoTrends_Report_2019_first_part_new.pdf\">Cosmoprof Trends reports 2019<\/a><\/p>\n<p>&nbsp;<\/p>\n<p>Sur cette shortlist de produits s\u00e9lectionn\u00e9s, l\u2019a\u00e9rosol se taille une belle place avec 2 belles innovations\u00a0:<br \/>\n&#8211; <a href=\"https:\/\/mymatch.cosmoprof.com\/exhibitor\/beauty-lab-gmbh-ikoo\/product\/ikoo-dry-shampoo-foam\">Un shampoing sec en mousse de la marque Ikoo (Beauty Lab Gmbh -Allemagne)<\/a> qui a notamment les propri\u00e9t\u00e9s suivantes\u00a0: vegan, sans silicone, paraben ou huile min\u00e9rale<\/p>\n<p>&nbsp;<\/p>\n<p>&#8211; Une brume multi protection de l\u2019entreprise italienne Essencia Beauty Srl qui s\u2019appuie sur formule avec des principes actifs naturels pour prot\u00e9ger la peau de la pollution et de la lumi\u00e8re bleue.<\/p>\n<p>&nbsp;<\/p>\n<p>Il est \u00e0 noter aussi que beaucoup des marques pr\u00e9sentes dans cette s\u00e9lection ont aussi d\u2019autres produits en a\u00e9rosol dans la gamme.<\/p>\n<p>Si les produits pr\u00e9sent\u00e9s ci-dessus pr\u00e9sente un int\u00e9r\u00eat pour vous, PROERSA se tient \u00e0 votre disposition pour l\u2019\u00e9tude et le d\u00e9veloppement de solutions similaires.<\/p>\n<p>Pour toutes demandes d\u2019informations compl\u00e9mentaires, merci de prendre contact avec nous sur <a href=\"mailto:info@proersa.com\">info@proersa.com<\/a><\/p>\n<p>L\u2019\u00e9quipe PROERSA<\/p>\n","protected":false},"excerpt":{"rendered":"<p>Cosmoprof 2019 : l\u2019a\u00e9rosol a la cote Comme chaque ann\u00e9e, le secteur de la cosm\u00e9tique se donne rendez-vous sur le [&hellip;]<\/p>\n","protected":false},"author":3,"featured_media":0,"comment_status":"open","ping_status":"open","sticky":false,"template":"","format":"standard","meta":{"footnotes":""},"categories":[1],"tags":[],"class_list":["post-262","post","type-post","status-publish","format-standard","hentry","category-sin-categoria"],"yoast_head":"<!-- This site is optimized with the Yoast SEO plugin v26.7 - https:\/\/yoast.com\/wordpress\/plugins\/seo\/ -->\n<title>Cosmoprof 2019 : l\u2019a\u00e9rosol a la cote - Fabrication &amp; Conditionnement d&#039;a\u00e9rosols<\/title>\n<meta name=\"robots\" content=\"index, follow, max-snippet:-1, max-image-preview:large, max-video-preview:-1\" \/>\n<link rel=\"canonical\" href=\"http:\/\/www.proersa.com\/fra\/cosmoprof-2019-le-conditionnement-aerosol-a-la-cote\/\" \/>\n<meta property=\"og:locale\" content=\"fr_FR\" \/>\n<meta property=\"og:type\" content=\"article\" \/>\n<meta property=\"og:title\" content=\"Cosmoprof 2019 : l\u2019a\u00e9rosol a la cote - Fabrication &amp; Conditionnement d&#039;a\u00e9rosols\" \/>\n<meta property=\"og:description\" content=\"Cosmoprof 2019 : l\u2019a\u00e9rosol a la cote Comme chaque ann\u00e9e, le secteur de la cosm\u00e9tique se donne rendez-vous sur le [&hellip;]\" \/>\n<meta property=\"og:url\" content=\"http:\/\/www.proersa.com\/fra\/cosmoprof-2019-le-conditionnement-aerosol-a-la-cote\/\" \/>\n<meta property=\"og:site_name\" content=\"Fabrication &amp; Conditionnement d&#039;a\u00e9rosols\" \/>\n<meta property=\"article:published_time\" content=\"2019-03-13T07:37:16+00:00\" \/>\n<meta property=\"article:modified_time\" content=\"2019-03-18T12:54:02+00:00\" \/>\n<meta property=\"og:image\" content=\"http:\/\/www.proersa.com\/fra\/wp-content\/uploads\/sites\/4\/2019\/03\/Cosmoprof-Bologna-2019-event-designed-around-sustainability_wrbm_large-300x194.png\" \/>\n<meta name=\"author\" content=\"usuari1\" \/>\n<meta name=\"twitter:card\" content=\"summary_large_image\" \/>\n<meta name=\"twitter:label1\" content=\"\u00c9crit par\" \/>\n\t<meta name=\"twitter:data1\" content=\"usuari1\" \/>\n\t<meta name=\"twitter:label2\" content=\"Dur\u00e9e de lecture estim\u00e9e\" \/>\n\t<meta name=\"twitter:data2\" content=\"2 minutes\" \/>\n<script type=\"application\/ld+json\" class=\"yoast-schema-graph\">{\"@context\":\"https:\/\/schema.org\",\"@graph\":[{\"@type\":\"Article\",\"@id\":\"http:\/\/www.proersa.com\/fra\/cosmoprof-2019-le-conditionnement-aerosol-a-la-cote\/#article\",\"isPartOf\":{\"@id\":\"http:\/\/www.proersa.com\/fra\/cosmoprof-2019-le-conditionnement-aerosol-a-la-cote\/\"},\"author\":{\"name\":\"usuari1\",\"@id\":\"http:\/\/www.proersa.com\/fra\/#\/schema\/person\/95a28de497e6b158fa53fb3c10050f27\"},\"headline\":\"Cosmoprof 2019 : l\u2019a\u00e9rosol a la cote\",\"datePublished\":\"2019-03-13T07:37:16+00:00\",\"dateModified\":\"2019-03-18T12:54:02+00:00\",\"mainEntityOfPage\":{\"@id\":\"http:\/\/www.proersa.com\/fra\/cosmoprof-2019-le-conditionnement-aerosol-a-la-cote\/\"},\"wordCount\":311,\"commentCount\":0,\"publisher\":{\"@id\":\"http:\/\/www.proersa.com\/fra\/#organization\"},\"image\":{\"@id\":\"http:\/\/www.proersa.com\/fra\/cosmoprof-2019-le-conditionnement-aerosol-a-la-cote\/#primaryimage\"},\"thumbnailUrl\":\"http:\/\/www.proersa.com\/fra\/wp-content\/uploads\/sites\/4\/2019\/03\/Cosmoprof-Bologna-2019-event-designed-around-sustainability_wrbm_large-300x194.png\",\"articleSection\":[\"Sin categor\u00eda\"],\"inLanguage\":\"fr-FR\",\"potentialAction\":[{\"@type\":\"CommentAction\",\"name\":\"Comment\",\"target\":[\"http:\/\/www.proersa.com\/fra\/cosmoprof-2019-le-conditionnement-aerosol-a-la-cote\/#respond\"]}]},{\"@type\":\"WebPage\",\"@id\":\"http:\/\/www.proersa.com\/fra\/cosmoprof-2019-le-conditionnement-aerosol-a-la-cote\/\",\"url\":\"http:\/\/www.proersa.com\/fra\/cosmoprof-2019-le-conditionnement-aerosol-a-la-cote\/\",\"name\":\"Cosmoprof 2019 : l\u2019a\u00e9rosol a la cote - Fabrication &amp; Conditionnement d&#039;a\u00e9rosols\",\"isPartOf\":{\"@id\":\"http:\/\/www.proersa.com\/fra\/#website\"},\"primaryImageOfPage\":{\"@id\":\"http:\/\/www.proersa.com\/fra\/cosmoprof-2019-le-conditionnement-aerosol-a-la-cote\/#primaryimage\"},\"image\":{\"@id\":\"http:\/\/www.proersa.com\/fra\/cosmoprof-2019-le-conditionnement-aerosol-a-la-cote\/#primaryimage\"},\"thumbnailUrl\":\"http:\/\/www.proersa.com\/fra\/wp-content\/uploads\/sites\/4\/2019\/03\/Cosmoprof-Bologna-2019-event-designed-around-sustainability_wrbm_large-300x194.png\",\"datePublished\":\"2019-03-13T07:37:16+00:00\",\"dateModified\":\"2019-03-18T12:54:02+00:00\",\"breadcrumb\":{\"@id\":\"http:\/\/www.proersa.com\/fra\/cosmoprof-2019-le-conditionnement-aerosol-a-la-cote\/#breadcrumb\"},\"inLanguage\":\"fr-FR\",\"potentialAction\":[{\"@type\":\"ReadAction\",\"target\":[\"http:\/\/www.proersa.com\/fra\/cosmoprof-2019-le-conditionnement-aerosol-a-la-cote\/\"]}]},{\"@type\":\"ImageObject\",\"inLanguage\":\"fr-FR\",\"@id\":\"http:\/\/www.proersa.com\/fra\/cosmoprof-2019-le-conditionnement-aerosol-a-la-cote\/#primaryimage\",\"url\":\"https:\/\/www.proersa.com\/fra\/wp-content\/uploads\/sites\/4\/2019\/03\/Cosmoprof-Bologna-2019-event-designed-around-sustainability_wrbm_large.png\",\"contentUrl\":\"https:\/\/www.proersa.com\/fra\/wp-content\/uploads\/sites\/4\/2019\/03\/Cosmoprof-Bologna-2019-event-designed-around-sustainability_wrbm_large.png\",\"width\":600,\"height\":387},{\"@type\":\"BreadcrumbList\",\"@id\":\"http:\/\/www.proersa.com\/fra\/cosmoprof-2019-le-conditionnement-aerosol-a-la-cote\/#breadcrumb\",\"itemListElement\":[{\"@type\":\"ListItem\",\"position\":1,\"name\":\"Portada\",\"item\":\"http:\/\/www.proersa.com\/fra\/\"},{\"@type\":\"ListItem\",\"position\":2,\"name\":\"Cosmoprof 2019 : l\u2019a\u00e9rosol a la cote\"}]},{\"@type\":\"WebSite\",\"@id\":\"http:\/\/www.proersa.com\/fra\/#website\",\"url\":\"http:\/\/www.proersa.com\/fra\/\",\"name\":\"Fabrication &amp; Conditionnement d&#039;a\u00e9rosols\",\"description\":\"Proersa Aerosoles - fabricant d\u2019a\u00e9rosols - sous traitance industrielle pour vos produits cosm\u00e9tiques\",\"publisher\":{\"@id\":\"http:\/\/www.proersa.com\/fra\/#organization\"},\"potentialAction\":[{\"@type\":\"SearchAction\",\"target\":{\"@type\":\"EntryPoint\",\"urlTemplate\":\"http:\/\/www.proersa.com\/fra\/?s={search_term_string}\"},\"query-input\":{\"@type\":\"PropertyValueSpecification\",\"valueRequired\":true,\"valueName\":\"search_term_string\"}}],\"inLanguage\":\"fr-FR\"},{\"@type\":\"Organization\",\"@id\":\"http:\/\/www.proersa.com\/fra\/#organization\",\"name\":\"Fabrication &amp; Conditionnement d&#039;a\u00e9rosols\",\"url\":\"http:\/\/www.proersa.com\/fra\/\",\"logo\":{\"@type\":\"ImageObject\",\"inLanguage\":\"fr-FR\",\"@id\":\"http:\/\/www.proersa.com\/fra\/#\/schema\/logo\/image\/\",\"url\":\"https:\/\/www.proersa.com\/fra\/wp-content\/uploads\/sites\/4\/2019\/01\/Proersa_logo_aerosoles50_aniversary.jpg\",\"contentUrl\":\"https:\/\/www.proersa.com\/fra\/wp-content\/uploads\/sites\/4\/2019\/01\/Proersa_logo_aerosoles50_aniversary.jpg\",\"width\":263,\"height\":63,\"caption\":\"Fabrication &amp; Conditionnement d&#039;a\u00e9rosols\"},\"image\":{\"@id\":\"http:\/\/www.proersa.com\/fra\/#\/schema\/logo\/image\/\"}},{\"@type\":\"Person\",\"@id\":\"http:\/\/www.proersa.com\/fra\/#\/schema\/person\/95a28de497e6b158fa53fb3c10050f27\",\"name\":\"usuari1\",\"image\":{\"@type\":\"ImageObject\",\"inLanguage\":\"fr-FR\",\"@id\":\"http:\/\/www.proersa.com\/fra\/#\/schema\/person\/image\/\",\"url\":\"https:\/\/secure.gravatar.com\/avatar\/328b7bf50a5ec6c27f5ed7c9128e3ceb?s=96&d=mm&r=g\",\"contentUrl\":\"https:\/\/secure.gravatar.com\/avatar\/328b7bf50a5ec6c27f5ed7c9128e3ceb?s=96&d=mm&r=g\",\"caption\":\"usuari1\"},\"url\":\"https:\/\/www.proersa.com\/fra\/author\/anthony1\/\"}]}<\/script>\n<!-- \/ Yoast SEO plugin. -->","yoast_head_json":{"title":"Cosmoprof 2019 : l\u2019a\u00e9rosol a la cote - Fabrication &amp; Conditionnement d&#039;a\u00e9rosols","robots":{"index":"index","follow":"follow","max-snippet":"max-snippet:-1","max-image-preview":"max-image-preview:large","max-video-preview":"max-video-preview:-1"},"canonical":"http:\/\/www.proersa.com\/fra\/cosmoprof-2019-le-conditionnement-aerosol-a-la-cote\/","og_locale":"fr_FR","og_type":"article","og_title":"Cosmoprof 2019 : l\u2019a\u00e9rosol a la cote - Fabrication &amp; Conditionnement d&#039;a\u00e9rosols","og_description":"Cosmoprof 2019 : l\u2019a\u00e9rosol a la cote Comme chaque ann\u00e9e, le secteur de la cosm\u00e9tique se donne rendez-vous sur le [&hellip;]","og_url":"http:\/\/www.proersa.com\/fra\/cosmoprof-2019-le-conditionnement-aerosol-a-la-cote\/","og_site_name":"Fabrication &amp; Conditionnement d&#039;a\u00e9rosols","article_published_time":"2019-03-13T07:37:16+00:00","article_modified_time":"2019-03-18T12:54:02+00:00","og_image":[{"url":"http:\/\/www.proersa.com\/fra\/wp-content\/uploads\/sites\/4\/2019\/03\/Cosmoprof-Bologna-2019-event-designed-around-sustainability_wrbm_large-300x194.png","type":"","width":"","height":""}],"author":"usuari1","twitter_card":"summary_large_image","twitter_misc":{"\u00c9crit par":"usuari1","Dur\u00e9e de lecture estim\u00e9e":"2 minutes"},"schema":{"@context":"https:\/\/schema.org","@graph":[{"@type":"Article","@id":"http:\/\/www.proersa.com\/fra\/cosmoprof-2019-le-conditionnement-aerosol-a-la-cote\/#article","isPartOf":{"@id":"http:\/\/www.proersa.com\/fra\/cosmoprof-2019-le-conditionnement-aerosol-a-la-cote\/"},"author":{"name":"usuari1","@id":"http:\/\/www.proersa.com\/fra\/#\/schema\/person\/95a28de497e6b158fa53fb3c10050f27"},"headline":"Cosmoprof 2019 : l\u2019a\u00e9rosol a la cote","datePublished":"2019-03-13T07:37:16+00:00","dateModified":"2019-03-18T12:54:02+00:00","mainEntityOfPage":{"@id":"http:\/\/www.proersa.com\/fra\/cosmoprof-2019-le-conditionnement-aerosol-a-la-cote\/"},"wordCount":311,"commentCount":0,"publisher":{"@id":"http:\/\/www.proersa.com\/fra\/#organization"},"image":{"@id":"http:\/\/www.proersa.com\/fra\/cosmoprof-2019-le-conditionnement-aerosol-a-la-cote\/#primaryimage"},"thumbnailUrl":"http:\/\/www.proersa.com\/fra\/wp-content\/uploads\/sites\/4\/2019\/03\/Cosmoprof-Bologna-2019-event-designed-around-sustainability_wrbm_large-300x194.png","articleSection":["Sin categor\u00eda"],"inLanguage":"fr-FR","potentialAction":[{"@type":"CommentAction","name":"Comment","target":["http:\/\/www.proersa.com\/fra\/cosmoprof-2019-le-conditionnement-aerosol-a-la-cote\/#respond"]}]},{"@type":"WebPage","@id":"http:\/\/www.proersa.com\/fra\/cosmoprof-2019-le-conditionnement-aerosol-a-la-cote\/","url":"http:\/\/www.proersa.com\/fra\/cosmoprof-2019-le-conditionnement-aerosol-a-la-cote\/","name":"Cosmoprof 2019 : l\u2019a\u00e9rosol a la cote - Fabrication &amp; Conditionnement d&#039;a\u00e9rosols","isPartOf":{"@id":"http:\/\/www.proersa.com\/fra\/#website"},"primaryImageOfPage":{"@id":"http:\/\/www.proersa.com\/fra\/cosmoprof-2019-le-conditionnement-aerosol-a-la-cote\/#primaryimage"},"image":{"@id":"http:\/\/www.proersa.com\/fra\/cosmoprof-2019-le-conditionnement-aerosol-a-la-cote\/#primaryimage"},"thumbnailUrl":"http:\/\/www.proersa.com\/fra\/wp-content\/uploads\/sites\/4\/2019\/03\/Cosmoprof-Bologna-2019-event-designed-around-sustainability_wrbm_large-300x194.png","datePublished":"2019-03-13T07:37:16+00:00","dateModified":"2019-03-18T12:54:02+00:00","breadcrumb":{"@id":"http:\/\/www.proersa.com\/fra\/cosmoprof-2019-le-conditionnement-aerosol-a-la-cote\/#breadcrumb"},"inLanguage":"fr-FR","potentialAction":[{"@type":"ReadAction","target":["http:\/\/www.proersa.com\/fra\/cosmoprof-2019-le-conditionnement-aerosol-a-la-cote\/"]}]},{"@type":"ImageObject","inLanguage":"fr-FR","@id":"http:\/\/www.proersa.com\/fra\/cosmoprof-2019-le-conditionnement-aerosol-a-la-cote\/#primaryimage","url":"https:\/\/www.proersa.com\/fra\/wp-content\/uploads\/sites\/4\/2019\/03\/Cosmoprof-Bologna-2019-event-designed-around-sustainability_wrbm_large.png","contentUrl":"https:\/\/www.proersa.com\/fra\/wp-content\/uploads\/sites\/4\/2019\/03\/Cosmoprof-Bologna-2019-event-designed-around-sustainability_wrbm_large.png","width":600,"height":387},{"@type":"BreadcrumbList","@id":"http:\/\/www.proersa.com\/fra\/cosmoprof-2019-le-conditionnement-aerosol-a-la-cote\/#breadcrumb","itemListElement":[{"@type":"ListItem","position":1,"name":"Portada","item":"http:\/\/www.proersa.com\/fra\/"},{"@type":"ListItem","position":2,"name":"Cosmoprof 2019 : l\u2019a\u00e9rosol a la cote"}]},{"@type":"WebSite","@id":"http:\/\/www.proersa.com\/fra\/#website","url":"http:\/\/www.proersa.com\/fra\/","name":"Fabrication &amp; Conditionnement d&#039;a\u00e9rosols","description":"Proersa Aerosoles - fabricant d\u2019a\u00e9rosols - sous traitance industrielle pour vos produits cosm\u00e9tiques","publisher":{"@id":"http:\/\/www.proersa.com\/fra\/#organization"},"potentialAction":[{"@type":"SearchAction","target":{"@type":"EntryPoint","urlTemplate":"http:\/\/www.proersa.com\/fra\/?s={search_term_string}"},"query-input":{"@type":"PropertyValueSpecification","valueRequired":true,"valueName":"search_term_string"}}],"inLanguage":"fr-FR"},{"@type":"Organization","@id":"http:\/\/www.proersa.com\/fra\/#organization","name":"Fabrication &amp; Conditionnement d&#039;a\u00e9rosols","url":"http:\/\/www.proersa.com\/fra\/","logo":{"@type":"ImageObject","inLanguage":"fr-FR","@id":"http:\/\/www.proersa.com\/fra\/#\/schema\/logo\/image\/","url":"https:\/\/www.proersa.com\/fra\/wp-content\/uploads\/sites\/4\/2019\/01\/Proersa_logo_aerosoles50_aniversary.jpg","contentUrl":"https:\/\/www.proersa.com\/fra\/wp-content\/uploads\/sites\/4\/2019\/01\/Proersa_logo_aerosoles50_aniversary.jpg","width":263,"height":63,"caption":"Fabrication &amp; Conditionnement d&#039;a\u00e9rosols"},"image":{"@id":"http:\/\/www.proersa.com\/fra\/#\/schema\/logo\/image\/"}},{"@type":"Person","@id":"http:\/\/www.proersa.com\/fra\/#\/schema\/person\/95a28de497e6b158fa53fb3c10050f27","name":"usuari1","image":{"@type":"ImageObject","inLanguage":"fr-FR","@id":"http:\/\/www.proersa.com\/fra\/#\/schema\/person\/image\/","url":"https:\/\/secure.gravatar.com\/avatar\/328b7bf50a5ec6c27f5ed7c9128e3ceb?s=96&d=mm&r=g","contentUrl":"https:\/\/secure.gravatar.com\/avatar\/328b7bf50a5ec6c27f5ed7c9128e3ceb?s=96&d=mm&r=g","caption":"usuari1"},"url":"https:\/\/www.proersa.com\/fra\/author\/anthony1\/"}]}},"_links":{"self":[{"href":"https:\/\/www.proersa.com\/fra\/wp-json\/wp\/v2\/posts\/262","targetHints":{"allow":["GET"]}}],"collection":[{"href":"https:\/\/www.proersa.com\/fra\/wp-json\/wp\/v2\/posts"}],"about":[{"href":"https:\/\/www.proersa.com\/fra\/wp-json\/wp\/v2\/types\/post"}],"author":[{"embeddable":true,"href":"https:\/\/www.proersa.com\/fra\/wp-json\/wp\/v2\/users\/3"}],"replies":[{"embeddable":true,"href":"https:\/\/www.proersa.com\/fra\/wp-json\/wp\/v2\/comments?post=262"}],"version-history":[{"count":3,"href":"https:\/\/www.proersa.com\/fra\/wp-json\/wp\/v2\/posts\/262\/revisions"}],"predecessor-version":[{"id":269,"href":"https:\/\/www.proersa.com\/fra\/wp-json\/wp\/v2\/posts\/262\/revisions\/269"}],"wp:attachment":[{"href":"https:\/\/www.proersa.com\/fra\/wp-json\/wp\/v2\/media?parent=262"}],"wp:term":[{"taxonomy":"category","embeddable":true,"href":"https:\/\/www.proersa.com\/fra\/wp-json\/wp\/v2\/categories?post=262"},{"taxonomy":"post_tag","embeddable":true,"href":"https:\/\/www.proersa.com\/fra\/wp-json\/wp\/v2\/tags?post=262"}],"curies":[{"name":"wp","href":"https:\/\/api.w.org\/{rel}","templated":true}]}}