{"id":256,"date":"2019-03-06T09:51:59","date_gmt":"2019-03-06T09:51:59","guid":{"rendered":"http:\/\/www.proersa.com\/fra\/?p=256"},"modified":"2019-03-07T05:53:12","modified_gmt":"2019-03-07T05:53:12","slug":"les-innovations-produits-pour-2019-sur-le-marche-aerosol-conditionnement-et-fabrication","status":"publish","type":"post","link":"https:\/\/www.proersa.com\/fra\/les-innovations-produits-pour-2019-sur-le-marche-aerosol-conditionnement-et-fabrication\/","title":{"rendered":"En 2019 : quelles seront les innovations et les nouveaux produits du march\u00e9 de l\u2019a\u00e9rosol ?"},"content":{"rendered":"<h3>En 2019\u00a0: quelles seront les innovations et les nouveaux produits du march\u00e9 de l\u2019a\u00e9rosol\u00a0?<\/h3>\n<p>En tant que conditionneur d\u2019a\u00e9rosol \u00e0 fa\u00e7on, il est tr\u00e8s int\u00e9ressant pour nous de regarder les tendances de notre march\u00e9. Ce sont de bons indicateurs sur les go\u00fbts et les attentes des clients finaux. De plus, nous serons sur le salon Cosmoprof \u00e0 Bologne la semaine prochaine (le plus grand salon de cosm\u00e9tique en Europe) et cette visite nous permettra de v\u00e9rifier ces tendances et sans doute d\u2019en d\u00e9couvrir de nouvelles.<\/p>\n<p>&nbsp;<\/p>\n<p>Avant de commencer sur les tendances du march\u00e9 de l\u2019a\u00e9rosol, il est important de se rappeler comment se march\u00e9 est structur\u00e9.<\/p>\n<p>Sur les 9 milliards d\u2019a\u00e9rosols produits en 2018, le secteur du personal care (d\u00e9odorants, mousse et gel de rasage) repr\u00e9sente environ 50% du march\u00e9 de l\u2019a\u00e9rosol, ensuite le secteur de la maison ( parfums d\u2019int\u00e9rieur, produits de nettoyage) repr\u00e9sente environ 40% et les 10% restant vont vers l\u2019alimentaire.<\/p>\n<p>Sans surprise, dans les tendances que nous allons pr\u00e9senter, le secteur du personal care sera beaucoup plus repr\u00e9sent\u00e9. Le r\u00e9sultat de ces tendances montre que le march\u00e9 sera boost\u00e9 par les innovations ( nouvelle exp\u00e9rience sensorielle, nouveau usage) et les packagings durables.<\/p>\n<p>Pour toutes les innovations pr\u00e9sent\u00e9es ci-dessous, PROERSA a aussi d\u00e9velopp\u00e9 ces formules en propre et est capable de vous offrir tous les produits mentionn\u00e9s ci-dessous.<\/p>\n<p>&nbsp;<\/p>\n<p>1) L\u2019a\u00e9rosol dans la douche\u00a0: la mousse de douche. Ces produits sont une combinaison r\u00e9ussie entre les nouveaux usages de l\u2019a\u00e9rosol (i.e. l\u2019a\u00e9rosol dans la douche) et de nouvelles exp\u00e9riences sensorielles<\/p>\n<p>Ex. <a href=\"https:\/\/www.nivea.co.uk\/shop\/shower-silk-mousse-creme-care-40059002839860045.html\">la gamme Nivea Silk Mousse<\/a> du g\u00e9ant allemand Beiersdorf<\/p>\n<p>.<img loading=\"lazy\" decoding=\"async\" class=\"alignnone size-medium wp-image-259\" src=\"http:\/\/www.proersa.com\/fra\/wp-content\/uploads\/sites\/4\/2019\/03\/nivea-silk-mousse-300x195.jpg\" alt=\"\" width=\"300\" height=\"195\" srcset=\"https:\/\/www.proersa.com\/fra\/wp-content\/uploads\/sites\/4\/2019\/03\/nivea-silk-mousse-300x195.jpg 300w, https:\/\/www.proersa.com\/fra\/wp-content\/uploads\/sites\/4\/2019\/03\/nivea-silk-mousse-768x498.jpg 768w, https:\/\/www.proersa.com\/fra\/wp-content\/uploads\/sites\/4\/2019\/03\/nivea-silk-mousse-1024x664.jpg 1024w, https:\/\/www.proersa.com\/fra\/wp-content\/uploads\/sites\/4\/2019\/03\/nivea-silk-mousse-250x162.jpg 250w, https:\/\/www.proersa.com\/fra\/wp-content\/uploads\/sites\/4\/2019\/03\/nivea-silk-mousse.jpg 1600w\" sizes=\"auto, (max-width: 300px) 100vw, 300px\" \/><\/p>\n<p>2) <a href=\"https:\/\/www.coppertone.com\/products\/skin-health\/whipped\/coppertone-clearly-sheer-whipped\/\">Coppertone Whipped Sunscreen<\/a>\u00a0: c\u2019est une nouvelle tendance sur le march\u00e9 US. Cette cr\u00e8me solaire reproduit la texture de la cr\u00e8me chantilly et permet au consommateur d\u2019avoir une protection solaire s\u00e8che et non grasse.<\/p>\n<p><img loading=\"lazy\" decoding=\"async\" class=\"alignnone wp-image-257\" src=\"http:\/\/www.proersa.com\/fra\/wp-content\/uploads\/sites\/4\/2019\/03\/BOB-2017-Breakthroughs-Coppertone.jpg-300x300.jpg\" alt=\"\" width=\"266\" height=\"266\" srcset=\"https:\/\/www.proersa.com\/fra\/wp-content\/uploads\/sites\/4\/2019\/03\/BOB-2017-Breakthroughs-Coppertone.jpg-300x300.jpg 300w, https:\/\/www.proersa.com\/fra\/wp-content\/uploads\/sites\/4\/2019\/03\/BOB-2017-Breakthroughs-Coppertone.jpg-150x150.jpg 150w, https:\/\/www.proersa.com\/fra\/wp-content\/uploads\/sites\/4\/2019\/03\/BOB-2017-Breakthroughs-Coppertone.jpg-768x768.jpg 768w, https:\/\/www.proersa.com\/fra\/wp-content\/uploads\/sites\/4\/2019\/03\/BOB-2017-Breakthroughs-Coppertone.jpg-1024x1024.jpg 1024w, https:\/\/www.proersa.com\/fra\/wp-content\/uploads\/sites\/4\/2019\/03\/BOB-2017-Breakthroughs-Coppertone.jpg-250x250.jpg 250w\" sizes=\"auto, (max-width: 266px) 100vw, 266px\" \/><\/p>\n<p>3) Les shampoings secs. Les shampoings sec repr\u00e9sentent un v\u00e9ritable succ\u00e8s d\u2019un nouvel usage de l\u2019a\u00e9rosol. Ils sont m\u00eame devenus une valeur forte du march\u00e9 de l\u2019a\u00e9rosol. 2019 devrait confirmer cette tendance et cette cat\u00e9gorie devrait encore progress\u00e9 de 5%.<\/p>\n<p>4) Les d\u00e9odorants compress\u00e9s\u00a0: cette technologie devrait encore cro\u00eetre en lien avec les attentes des consommateurs \u00e0 propos de l\u2019environnement et de packaging durable.<\/p>\n<p>&nbsp;<\/p>\n<p>Pour la partie household, il y a eu aussi des innovations en 2018 qui m\u00e9ritent d\u2019\u00eatre mentionn\u00e9es.<br \/>\n&#8211; 2 en 1 parfum d\u2019int\u00e9rieur et parfum textile qui permette une association utile des 2 applications en un produit<\/p>\n<p>&#8211; <a href=\"https:\/\/day2.com\/\">Nettoyant \u00e0 sec Day 2 d\u2019Unilever<\/a>. Ce produit offre une nouvelle exp\u00e9rience aux consommateurs. Il s\u2019agit notamment d\u2019un produit utile pour nettoyer \u00e0 sec les v\u00eatements, enlever les odeurs, d\u00e9froisser et assouplir.<\/p>\n<p><img loading=\"lazy\" decoding=\"async\" class=\"alignnone size-medium wp-image-258\" src=\"http:\/\/www.proersa.com\/fra\/wp-content\/uploads\/sites\/4\/2019\/03\/day-2-300x180.jpg\" alt=\"\" width=\"300\" height=\"180\" srcset=\"https:\/\/www.proersa.com\/fra\/wp-content\/uploads\/sites\/4\/2019\/03\/day-2-300x180.jpg 300w, https:\/\/www.proersa.com\/fra\/wp-content\/uploads\/sites\/4\/2019\/03\/day-2-250x150.jpg 250w, https:\/\/www.proersa.com\/fra\/wp-content\/uploads\/sites\/4\/2019\/03\/day-2.jpg 700w\" sizes=\"auto, (max-width: 300px) 100vw, 300px\" \/><\/p>\n<p>Pour toutes demandes d\u2019informations compl\u00e9mentaires, merci de prendre contact avec nous sur <a href=\"mailto:info@proersa.com\">info@proersa.com<\/a><\/p>\n<p>L\u2019\u00e9quipe PROERSA<\/p>\n","protected":false},"excerpt":{"rendered":"<p>En 2019\u00a0: quelles seront les innovations et les nouveaux produits du march\u00e9 de l\u2019a\u00e9rosol\u00a0? En tant que conditionneur d\u2019a\u00e9rosol \u00e0 [&hellip;]<\/p>\n","protected":false},"author":3,"featured_media":0,"comment_status":"open","ping_status":"open","sticky":false,"template":"","format":"standard","meta":{"footnotes":""},"categories":[1],"tags":[],"class_list":["post-256","post","type-post","status-publish","format-standard","hentry","category-sin-categoria"],"yoast_head":"<!-- This site is optimized with the Yoast SEO plugin v26.7 - https:\/\/yoast.com\/wordpress\/plugins\/seo\/ -->\n<title>En 2019 : quelles seront les innovations et les nouveaux produits du march\u00e9 de l\u2019a\u00e9rosol ? - Fabrication &amp; Conditionnement d&#039;a\u00e9rosols<\/title>\n<meta name=\"robots\" content=\"index, follow, max-snippet:-1, max-image-preview:large, max-video-preview:-1\" \/>\n<link rel=\"canonical\" href=\"https:\/\/www.proersa.com\/fra\/les-innovations-produits-pour-2019-sur-le-marche-aerosol-conditionnement-et-fabrication\/\" \/>\n<meta property=\"og:locale\" content=\"fr_FR\" \/>\n<meta property=\"og:type\" content=\"article\" \/>\n<meta property=\"og:title\" content=\"En 2019 : quelles seront les innovations et les nouveaux produits du march\u00e9 de l\u2019a\u00e9rosol ? - Fabrication &amp; Conditionnement d&#039;a\u00e9rosols\" \/>\n<meta property=\"og:description\" content=\"En 2019\u00a0: quelles seront les innovations et les nouveaux produits du march\u00e9 de l\u2019a\u00e9rosol\u00a0? En tant que conditionneur d\u2019a\u00e9rosol \u00e0 [&hellip;]\" \/>\n<meta property=\"og:url\" content=\"https:\/\/www.proersa.com\/fra\/les-innovations-produits-pour-2019-sur-le-marche-aerosol-conditionnement-et-fabrication\/\" \/>\n<meta property=\"og:site_name\" content=\"Fabrication &amp; Conditionnement d&#039;a\u00e9rosols\" \/>\n<meta property=\"article:published_time\" content=\"2019-03-06T09:51:59+00:00\" \/>\n<meta property=\"article:modified_time\" content=\"2019-03-07T05:53:12+00:00\" \/>\n<meta property=\"og:image\" content=\"http:\/\/www.proersa.com\/fra\/wp-content\/uploads\/sites\/4\/2019\/03\/nivea-silk-mousse-300x195.jpg\" \/>\n<meta name=\"author\" content=\"usuari1\" \/>\n<meta name=\"twitter:card\" content=\"summary_large_image\" \/>\n<meta name=\"twitter:label1\" content=\"\u00c9crit par\" \/>\n\t<meta name=\"twitter:data1\" content=\"usuari1\" \/>\n\t<meta name=\"twitter:label2\" content=\"Dur\u00e9e de lecture estim\u00e9e\" \/>\n\t<meta name=\"twitter:data2\" content=\"3 minutes\" \/>\n<script type=\"application\/ld+json\" class=\"yoast-schema-graph\">{\"@context\":\"https:\/\/schema.org\",\"@graph\":[{\"@type\":\"Article\",\"@id\":\"https:\/\/www.proersa.com\/fra\/les-innovations-produits-pour-2019-sur-le-marche-aerosol-conditionnement-et-fabrication\/#article\",\"isPartOf\":{\"@id\":\"https:\/\/www.proersa.com\/fra\/les-innovations-produits-pour-2019-sur-le-marche-aerosol-conditionnement-et-fabrication\/\"},\"author\":{\"name\":\"usuari1\",\"@id\":\"http:\/\/www.proersa.com\/fra\/#\/schema\/person\/95a28de497e6b158fa53fb3c10050f27\"},\"headline\":\"En 2019 : quelles seront les innovations et les nouveaux produits du march\u00e9 de l\u2019a\u00e9rosol ?\",\"datePublished\":\"2019-03-06T09:51:59+00:00\",\"dateModified\":\"2019-03-07T05:53:12+00:00\",\"mainEntityOfPage\":{\"@id\":\"https:\/\/www.proersa.com\/fra\/les-innovations-produits-pour-2019-sur-le-marche-aerosol-conditionnement-et-fabrication\/\"},\"wordCount\":516,\"commentCount\":0,\"publisher\":{\"@id\":\"http:\/\/www.proersa.com\/fra\/#organization\"},\"image\":{\"@id\":\"https:\/\/www.proersa.com\/fra\/les-innovations-produits-pour-2019-sur-le-marche-aerosol-conditionnement-et-fabrication\/#primaryimage\"},\"thumbnailUrl\":\"http:\/\/www.proersa.com\/fra\/wp-content\/uploads\/sites\/4\/2019\/03\/nivea-silk-mousse-300x195.jpg\",\"articleSection\":[\"Sin categor\u00eda\"],\"inLanguage\":\"fr-FR\",\"potentialAction\":[{\"@type\":\"CommentAction\",\"name\":\"Comment\",\"target\":[\"https:\/\/www.proersa.com\/fra\/les-innovations-produits-pour-2019-sur-le-marche-aerosol-conditionnement-et-fabrication\/#respond\"]}]},{\"@type\":\"WebPage\",\"@id\":\"https:\/\/www.proersa.com\/fra\/les-innovations-produits-pour-2019-sur-le-marche-aerosol-conditionnement-et-fabrication\/\",\"url\":\"https:\/\/www.proersa.com\/fra\/les-innovations-produits-pour-2019-sur-le-marche-aerosol-conditionnement-et-fabrication\/\",\"name\":\"En 2019 : quelles seront les innovations et les nouveaux produits du march\u00e9 de l\u2019a\u00e9rosol ? - Fabrication &amp; Conditionnement d&#039;a\u00e9rosols\",\"isPartOf\":{\"@id\":\"http:\/\/www.proersa.com\/fra\/#website\"},\"primaryImageOfPage\":{\"@id\":\"https:\/\/www.proersa.com\/fra\/les-innovations-produits-pour-2019-sur-le-marche-aerosol-conditionnement-et-fabrication\/#primaryimage\"},\"image\":{\"@id\":\"https:\/\/www.proersa.com\/fra\/les-innovations-produits-pour-2019-sur-le-marche-aerosol-conditionnement-et-fabrication\/#primaryimage\"},\"thumbnailUrl\":\"http:\/\/www.proersa.com\/fra\/wp-content\/uploads\/sites\/4\/2019\/03\/nivea-silk-mousse-300x195.jpg\",\"datePublished\":\"2019-03-06T09:51:59+00:00\",\"dateModified\":\"2019-03-07T05:53:12+00:00\",\"breadcrumb\":{\"@id\":\"https:\/\/www.proersa.com\/fra\/les-innovations-produits-pour-2019-sur-le-marche-aerosol-conditionnement-et-fabrication\/#breadcrumb\"},\"inLanguage\":\"fr-FR\",\"potentialAction\":[{\"@type\":\"ReadAction\",\"target\":[\"https:\/\/www.proersa.com\/fra\/les-innovations-produits-pour-2019-sur-le-marche-aerosol-conditionnement-et-fabrication\/\"]}]},{\"@type\":\"ImageObject\",\"inLanguage\":\"fr-FR\",\"@id\":\"https:\/\/www.proersa.com\/fra\/les-innovations-produits-pour-2019-sur-le-marche-aerosol-conditionnement-et-fabrication\/#primaryimage\",\"url\":\"https:\/\/www.proersa.com\/fra\/wp-content\/uploads\/sites\/4\/2019\/03\/nivea-silk-mousse.jpg\",\"contentUrl\":\"https:\/\/www.proersa.com\/fra\/wp-content\/uploads\/sites\/4\/2019\/03\/nivea-silk-mousse.jpg\",\"width\":1600,\"height\":1038},{\"@type\":\"BreadcrumbList\",\"@id\":\"https:\/\/www.proersa.com\/fra\/les-innovations-produits-pour-2019-sur-le-marche-aerosol-conditionnement-et-fabrication\/#breadcrumb\",\"itemListElement\":[{\"@type\":\"ListItem\",\"position\":1,\"name\":\"Portada\",\"item\":\"http:\/\/www.proersa.com\/fra\/\"},{\"@type\":\"ListItem\",\"position\":2,\"name\":\"En 2019 : quelles seront les innovations et les nouveaux produits du march\u00e9 de l\u2019a\u00e9rosol ?\"}]},{\"@type\":\"WebSite\",\"@id\":\"http:\/\/www.proersa.com\/fra\/#website\",\"url\":\"http:\/\/www.proersa.com\/fra\/\",\"name\":\"Fabrication &amp; Conditionnement d&#039;a\u00e9rosols\",\"description\":\"Proersa Aerosoles - fabricant d\u2019a\u00e9rosols - sous traitance industrielle pour vos produits cosm\u00e9tiques\",\"publisher\":{\"@id\":\"http:\/\/www.proersa.com\/fra\/#organization\"},\"potentialAction\":[{\"@type\":\"SearchAction\",\"target\":{\"@type\":\"EntryPoint\",\"urlTemplate\":\"http:\/\/www.proersa.com\/fra\/?s={search_term_string}\"},\"query-input\":{\"@type\":\"PropertyValueSpecification\",\"valueRequired\":true,\"valueName\":\"search_term_string\"}}],\"inLanguage\":\"fr-FR\"},{\"@type\":\"Organization\",\"@id\":\"http:\/\/www.proersa.com\/fra\/#organization\",\"name\":\"Fabrication &amp; Conditionnement d&#039;a\u00e9rosols\",\"url\":\"http:\/\/www.proersa.com\/fra\/\",\"logo\":{\"@type\":\"ImageObject\",\"inLanguage\":\"fr-FR\",\"@id\":\"http:\/\/www.proersa.com\/fra\/#\/schema\/logo\/image\/\",\"url\":\"https:\/\/www.proersa.com\/fra\/wp-content\/uploads\/sites\/4\/2019\/01\/Proersa_logo_aerosoles50_aniversary.jpg\",\"contentUrl\":\"https:\/\/www.proersa.com\/fra\/wp-content\/uploads\/sites\/4\/2019\/01\/Proersa_logo_aerosoles50_aniversary.jpg\",\"width\":263,\"height\":63,\"caption\":\"Fabrication &amp; Conditionnement d&#039;a\u00e9rosols\"},\"image\":{\"@id\":\"http:\/\/www.proersa.com\/fra\/#\/schema\/logo\/image\/\"}},{\"@type\":\"Person\",\"@id\":\"http:\/\/www.proersa.com\/fra\/#\/schema\/person\/95a28de497e6b158fa53fb3c10050f27\",\"name\":\"usuari1\",\"image\":{\"@type\":\"ImageObject\",\"inLanguage\":\"fr-FR\",\"@id\":\"http:\/\/www.proersa.com\/fra\/#\/schema\/person\/image\/\",\"url\":\"https:\/\/secure.gravatar.com\/avatar\/328b7bf50a5ec6c27f5ed7c9128e3ceb?s=96&d=mm&r=g\",\"contentUrl\":\"https:\/\/secure.gravatar.com\/avatar\/328b7bf50a5ec6c27f5ed7c9128e3ceb?s=96&d=mm&r=g\",\"caption\":\"usuari1\"},\"url\":\"https:\/\/www.proersa.com\/fra\/author\/anthony1\/\"}]}<\/script>\n<!-- \/ Yoast SEO plugin. -->","yoast_head_json":{"title":"En 2019 : quelles seront les innovations et les nouveaux produits du march\u00e9 de l\u2019a\u00e9rosol ? - Fabrication &amp; Conditionnement d&#039;a\u00e9rosols","robots":{"index":"index","follow":"follow","max-snippet":"max-snippet:-1","max-image-preview":"max-image-preview:large","max-video-preview":"max-video-preview:-1"},"canonical":"https:\/\/www.proersa.com\/fra\/les-innovations-produits-pour-2019-sur-le-marche-aerosol-conditionnement-et-fabrication\/","og_locale":"fr_FR","og_type":"article","og_title":"En 2019 : quelles seront les innovations et les nouveaux produits du march\u00e9 de l\u2019a\u00e9rosol ? - Fabrication &amp; Conditionnement d&#039;a\u00e9rosols","og_description":"En 2019\u00a0: quelles seront les innovations et les nouveaux produits du march\u00e9 de l\u2019a\u00e9rosol\u00a0? En tant que conditionneur d\u2019a\u00e9rosol \u00e0 [&hellip;]","og_url":"https:\/\/www.proersa.com\/fra\/les-innovations-produits-pour-2019-sur-le-marche-aerosol-conditionnement-et-fabrication\/","og_site_name":"Fabrication &amp; Conditionnement d&#039;a\u00e9rosols","article_published_time":"2019-03-06T09:51:59+00:00","article_modified_time":"2019-03-07T05:53:12+00:00","og_image":[{"url":"http:\/\/www.proersa.com\/fra\/wp-content\/uploads\/sites\/4\/2019\/03\/nivea-silk-mousse-300x195.jpg","type":"","width":"","height":""}],"author":"usuari1","twitter_card":"summary_large_image","twitter_misc":{"\u00c9crit par":"usuari1","Dur\u00e9e de lecture estim\u00e9e":"3 minutes"},"schema":{"@context":"https:\/\/schema.org","@graph":[{"@type":"Article","@id":"https:\/\/www.proersa.com\/fra\/les-innovations-produits-pour-2019-sur-le-marche-aerosol-conditionnement-et-fabrication\/#article","isPartOf":{"@id":"https:\/\/www.proersa.com\/fra\/les-innovations-produits-pour-2019-sur-le-marche-aerosol-conditionnement-et-fabrication\/"},"author":{"name":"usuari1","@id":"http:\/\/www.proersa.com\/fra\/#\/schema\/person\/95a28de497e6b158fa53fb3c10050f27"},"headline":"En 2019 : quelles seront les innovations et les nouveaux produits du march\u00e9 de l\u2019a\u00e9rosol ?","datePublished":"2019-03-06T09:51:59+00:00","dateModified":"2019-03-07T05:53:12+00:00","mainEntityOfPage":{"@id":"https:\/\/www.proersa.com\/fra\/les-innovations-produits-pour-2019-sur-le-marche-aerosol-conditionnement-et-fabrication\/"},"wordCount":516,"commentCount":0,"publisher":{"@id":"http:\/\/www.proersa.com\/fra\/#organization"},"image":{"@id":"https:\/\/www.proersa.com\/fra\/les-innovations-produits-pour-2019-sur-le-marche-aerosol-conditionnement-et-fabrication\/#primaryimage"},"thumbnailUrl":"http:\/\/www.proersa.com\/fra\/wp-content\/uploads\/sites\/4\/2019\/03\/nivea-silk-mousse-300x195.jpg","articleSection":["Sin categor\u00eda"],"inLanguage":"fr-FR","potentialAction":[{"@type":"CommentAction","name":"Comment","target":["https:\/\/www.proersa.com\/fra\/les-innovations-produits-pour-2019-sur-le-marche-aerosol-conditionnement-et-fabrication\/#respond"]}]},{"@type":"WebPage","@id":"https:\/\/www.proersa.com\/fra\/les-innovations-produits-pour-2019-sur-le-marche-aerosol-conditionnement-et-fabrication\/","url":"https:\/\/www.proersa.com\/fra\/les-innovations-produits-pour-2019-sur-le-marche-aerosol-conditionnement-et-fabrication\/","name":"En 2019 : quelles seront les innovations et les nouveaux produits du march\u00e9 de l\u2019a\u00e9rosol ? - Fabrication &amp; Conditionnement d&#039;a\u00e9rosols","isPartOf":{"@id":"http:\/\/www.proersa.com\/fra\/#website"},"primaryImageOfPage":{"@id":"https:\/\/www.proersa.com\/fra\/les-innovations-produits-pour-2019-sur-le-marche-aerosol-conditionnement-et-fabrication\/#primaryimage"},"image":{"@id":"https:\/\/www.proersa.com\/fra\/les-innovations-produits-pour-2019-sur-le-marche-aerosol-conditionnement-et-fabrication\/#primaryimage"},"thumbnailUrl":"http:\/\/www.proersa.com\/fra\/wp-content\/uploads\/sites\/4\/2019\/03\/nivea-silk-mousse-300x195.jpg","datePublished":"2019-03-06T09:51:59+00:00","dateModified":"2019-03-07T05:53:12+00:00","breadcrumb":{"@id":"https:\/\/www.proersa.com\/fra\/les-innovations-produits-pour-2019-sur-le-marche-aerosol-conditionnement-et-fabrication\/#breadcrumb"},"inLanguage":"fr-FR","potentialAction":[{"@type":"ReadAction","target":["https:\/\/www.proersa.com\/fra\/les-innovations-produits-pour-2019-sur-le-marche-aerosol-conditionnement-et-fabrication\/"]}]},{"@type":"ImageObject","inLanguage":"fr-FR","@id":"https:\/\/www.proersa.com\/fra\/les-innovations-produits-pour-2019-sur-le-marche-aerosol-conditionnement-et-fabrication\/#primaryimage","url":"https:\/\/www.proersa.com\/fra\/wp-content\/uploads\/sites\/4\/2019\/03\/nivea-silk-mousse.jpg","contentUrl":"https:\/\/www.proersa.com\/fra\/wp-content\/uploads\/sites\/4\/2019\/03\/nivea-silk-mousse.jpg","width":1600,"height":1038},{"@type":"BreadcrumbList","@id":"https:\/\/www.proersa.com\/fra\/les-innovations-produits-pour-2019-sur-le-marche-aerosol-conditionnement-et-fabrication\/#breadcrumb","itemListElement":[{"@type":"ListItem","position":1,"name":"Portada","item":"http:\/\/www.proersa.com\/fra\/"},{"@type":"ListItem","position":2,"name":"En 2019 : quelles seront les innovations et les nouveaux produits du march\u00e9 de l\u2019a\u00e9rosol ?"}]},{"@type":"WebSite","@id":"http:\/\/www.proersa.com\/fra\/#website","url":"http:\/\/www.proersa.com\/fra\/","name":"Fabrication &amp; Conditionnement d&#039;a\u00e9rosols","description":"Proersa Aerosoles - fabricant d\u2019a\u00e9rosols - sous traitance industrielle pour vos produits cosm\u00e9tiques","publisher":{"@id":"http:\/\/www.proersa.com\/fra\/#organization"},"potentialAction":[{"@type":"SearchAction","target":{"@type":"EntryPoint","urlTemplate":"http:\/\/www.proersa.com\/fra\/?s={search_term_string}"},"query-input":{"@type":"PropertyValueSpecification","valueRequired":true,"valueName":"search_term_string"}}],"inLanguage":"fr-FR"},{"@type":"Organization","@id":"http:\/\/www.proersa.com\/fra\/#organization","name":"Fabrication &amp; Conditionnement d&#039;a\u00e9rosols","url":"http:\/\/www.proersa.com\/fra\/","logo":{"@type":"ImageObject","inLanguage":"fr-FR","@id":"http:\/\/www.proersa.com\/fra\/#\/schema\/logo\/image\/","url":"https:\/\/www.proersa.com\/fra\/wp-content\/uploads\/sites\/4\/2019\/01\/Proersa_logo_aerosoles50_aniversary.jpg","contentUrl":"https:\/\/www.proersa.com\/fra\/wp-content\/uploads\/sites\/4\/2019\/01\/Proersa_logo_aerosoles50_aniversary.jpg","width":263,"height":63,"caption":"Fabrication &amp; Conditionnement d&#039;a\u00e9rosols"},"image":{"@id":"http:\/\/www.proersa.com\/fra\/#\/schema\/logo\/image\/"}},{"@type":"Person","@id":"http:\/\/www.proersa.com\/fra\/#\/schema\/person\/95a28de497e6b158fa53fb3c10050f27","name":"usuari1","image":{"@type":"ImageObject","inLanguage":"fr-FR","@id":"http:\/\/www.proersa.com\/fra\/#\/schema\/person\/image\/","url":"https:\/\/secure.gravatar.com\/avatar\/328b7bf50a5ec6c27f5ed7c9128e3ceb?s=96&d=mm&r=g","contentUrl":"https:\/\/secure.gravatar.com\/avatar\/328b7bf50a5ec6c27f5ed7c9128e3ceb?s=96&d=mm&r=g","caption":"usuari1"},"url":"https:\/\/www.proersa.com\/fra\/author\/anthony1\/"}]}},"_links":{"self":[{"href":"https:\/\/www.proersa.com\/fra\/wp-json\/wp\/v2\/posts\/256","targetHints":{"allow":["GET"]}}],"collection":[{"href":"https:\/\/www.proersa.com\/fra\/wp-json\/wp\/v2\/posts"}],"about":[{"href":"https:\/\/www.proersa.com\/fra\/wp-json\/wp\/v2\/types\/post"}],"author":[{"embeddable":true,"href":"https:\/\/www.proersa.com\/fra\/wp-json\/wp\/v2\/users\/3"}],"replies":[{"embeddable":true,"href":"https:\/\/www.proersa.com\/fra\/wp-json\/wp\/v2\/comments?post=256"}],"version-history":[{"count":1,"href":"https:\/\/www.proersa.com\/fra\/wp-json\/wp\/v2\/posts\/256\/revisions"}],"predecessor-version":[{"id":260,"href":"https:\/\/www.proersa.com\/fra\/wp-json\/wp\/v2\/posts\/256\/revisions\/260"}],"wp:attachment":[{"href":"https:\/\/www.proersa.com\/fra\/wp-json\/wp\/v2\/media?parent=256"}],"wp:term":[{"taxonomy":"category","embeddable":true,"href":"https:\/\/www.proersa.com\/fra\/wp-json\/wp\/v2\/categories?post=256"},{"taxonomy":"post_tag","embeddable":true,"href":"https:\/\/www.proersa.com\/fra\/wp-json\/wp\/v2\/tags?post=256"}],"curies":[{"name":"wp","href":"https:\/\/api.w.org\/{rel}","templated":true}]}}