{"id":250,"date":"2019-02-20T10:16:17","date_gmt":"2019-02-20T10:16:17","guid":{"rendered":"http:\/\/www.proersa.com\/fra\/?p=250"},"modified":"2019-05-31T07:36:29","modified_gmt":"2019-05-31T07:36:29","slug":"conditionnement-aerosol-ecocert","status":"publish","type":"post","link":"https:\/\/www.proersa.com\/fra\/conditionnement-aerosol-ecocert\/","title":{"rendered":"PROERSA devient un des premiers conditionneurs d\u2019a\u00e9rosols \u00e0 \u00eatre certifi\u00e9 Ecocert Cosmos Natural"},"content":{"rendered":"<h2>PROERSA devient un des premiers conditionneurs d\u2019a\u00e9rosols \u00e0 \u00eatre Ecocert Cosmos Natural<\/h2>\n<p>Depuis le 29\/01\/19, PROERSA est certifi\u00e9 <a href=\"http:\/\/www.ecocert.com\">Ecocert Cosmos<\/a>. Cette certification est pour nous le t\u00e9moignage de notre engagement envers l\u2019\u00e9cologie et une \u00e9conomie plus verte.<br \/>\nDans le but d\u2019anticiper les demandes des consommateurs, il \u00e9tait important de nous positionner sur cette probl\u00e9matique et d\u2019apporter des solutions \u00e0 nos clients.<img loading=\"lazy\" decoding=\"async\" class=\"size-full wp-image-252 aligncenter\" src=\"http:\/\/www.proersa.com\/fra\/wp-content\/uploads\/sites\/4\/2019\/02\/ecocert-cosmos.png\" alt=\"\" width=\"221\" height=\"228\" \/><br \/>\nQu\u2019est-ce que cela va apporter comme valeur ajout\u00e9e \u00e0 nos clients\u00a0?<\/p>\n<p>Pour tous nos clients \u00e0 la recherche de produits durables et \u00e9cologiques, cela va nous permettre de vous offrir une chaine de production compl\u00e8te de vos a\u00e9rosols dans le respect des standards Ecocert cosmos.<\/p>\n<p>&nbsp;<\/p>\n<p>Dans un premier temps, cela devrait \u00eatre particuli\u00e8rement utile pour tous les spray suivants\u00a0: brumisateurs, d\u00e9odorants.<\/p>\n<p>Nous pensons que dans un deuxi\u00e8me temps, nous allons aussi pouvoir travailler avec des a\u00e9rosols de type spray protection solaire, gel et mousse de rasage.<\/p>\n<p>&nbsp;<\/p>\n<p>Anthony Plasse, le responsable export de PROERSA abonde dans ce sens\u00a0: \u00ab\u00a0C\u2019est un atout de plus pour \u00e9toffer notre offre de services. Cela vient renforcer nos valeurs d\u2019entreprise autour de l\u2019innovation et du d\u00e9veloppement durable. \u00a0Pour nous qui travaillons beaucoup dans la cosm\u00e9tique, c\u2019\u00e9tait une demande forte et r\u00e9currente des acteurs de notre march\u00e9\u00bb<\/p>\n<p>Pour toutes demandes d\u2019informations compl\u00e9mentaires, merci de prendre contact avec nous sur <a href=\"mailto:info@proersa.com\">info@proersa.com<\/a><\/p>\n<p>L\u2019\u00e9quipe PROERSA<\/p>\n<p><img loading=\"lazy\" decoding=\"async\" class=\"wp-image-251 aligncenter\" src=\"http:\/\/www.proersa.com\/fra\/wp-content\/uploads\/sites\/4\/2019\/02\/Ch\u00e2lucet-et-foret-de-la-Ligoure-2-300x200.jpg\" alt=\"\" width=\"489\" height=\"326\" srcset=\"https:\/\/www.proersa.com\/fra\/wp-content\/uploads\/sites\/4\/2019\/02\/Ch\u00e2lucet-et-foret-de-la-Ligoure-2-300x200.jpg 300w, https:\/\/www.proersa.com\/fra\/wp-content\/uploads\/sites\/4\/2019\/02\/Ch\u00e2lucet-et-foret-de-la-Ligoure-2-768x512.jpg 768w, https:\/\/www.proersa.com\/fra\/wp-content\/uploads\/sites\/4\/2019\/02\/Ch\u00e2lucet-et-foret-de-la-Ligoure-2-250x167.jpg 250w, https:\/\/www.proersa.com\/fra\/wp-content\/uploads\/sites\/4\/2019\/02\/Ch\u00e2lucet-et-foret-de-la-Ligoure-2.jpg 800w\" sizes=\"auto, (max-width: 489px) 100vw, 489px\" \/><\/p>\n","protected":false},"excerpt":{"rendered":"<p>PROERSA devient un des premiers conditionneurs d\u2019a\u00e9rosols \u00e0 \u00eatre Ecocert Cosmos Natural Depuis le 29\/01\/19, PROERSA est certifi\u00e9 Ecocert Cosmos. [&hellip;]<\/p>\n","protected":false},"author":3,"featured_media":0,"comment_status":"open","ping_status":"open","sticky":false,"template":"","format":"standard","meta":{"footnotes":""},"categories":[1],"tags":[],"class_list":["post-250","post","type-post","status-publish","format-standard","hentry","category-sin-categoria"],"yoast_head":"<!-- This site is optimized with the Yoast SEO plugin v26.7 - https:\/\/yoast.com\/wordpress\/plugins\/seo\/ -->\n<title>PROERSA devient un des premiers conditionneurs d\u2019a\u00e9rosols \u00e0 \u00eatre certifi\u00e9 Ecocert Cosmos Natural - Fabrication &amp; Conditionnement d&#039;a\u00e9rosols<\/title>\n<meta name=\"robots\" content=\"index, follow, max-snippet:-1, max-image-preview:large, max-video-preview:-1\" \/>\n<link rel=\"canonical\" href=\"https:\/\/www.proersa.com\/fra\/conditionnement-aerosol-ecocert\/\" \/>\n<meta property=\"og:locale\" content=\"fr_FR\" \/>\n<meta property=\"og:type\" content=\"article\" \/>\n<meta property=\"og:title\" content=\"PROERSA devient un des premiers conditionneurs d\u2019a\u00e9rosols \u00e0 \u00eatre certifi\u00e9 Ecocert Cosmos Natural - Fabrication &amp; Conditionnement d&#039;a\u00e9rosols\" \/>\n<meta property=\"og:description\" content=\"PROERSA devient un des premiers conditionneurs d\u2019a\u00e9rosols \u00e0 \u00eatre Ecocert Cosmos Natural Depuis le 29\/01\/19, PROERSA est certifi\u00e9 Ecocert Cosmos. [&hellip;]\" \/>\n<meta property=\"og:url\" content=\"https:\/\/www.proersa.com\/fra\/conditionnement-aerosol-ecocert\/\" \/>\n<meta property=\"og:site_name\" content=\"Fabrication &amp; Conditionnement d&#039;a\u00e9rosols\" \/>\n<meta property=\"article:published_time\" content=\"2019-02-20T10:16:17+00:00\" \/>\n<meta property=\"article:modified_time\" content=\"2019-05-31T07:36:29+00:00\" \/>\n<meta property=\"og:image\" content=\"http:\/\/www.proersa.com\/fra\/wp-content\/uploads\/sites\/4\/2019\/02\/ecocert-cosmos.png\" \/>\n<meta name=\"author\" content=\"usuari1\" \/>\n<meta name=\"twitter:card\" content=\"summary_large_image\" \/>\n<meta name=\"twitter:label1\" content=\"\u00c9crit par\" \/>\n\t<meta name=\"twitter:data1\" content=\"usuari1\" \/>\n\t<meta name=\"twitter:label2\" content=\"Dur\u00e9e de lecture estim\u00e9e\" \/>\n\t<meta name=\"twitter:data2\" content=\"1 minute\" \/>\n<script type=\"application\/ld+json\" class=\"yoast-schema-graph\">{\"@context\":\"https:\/\/schema.org\",\"@graph\":[{\"@type\":\"Article\",\"@id\":\"https:\/\/www.proersa.com\/fra\/conditionnement-aerosol-ecocert\/#article\",\"isPartOf\":{\"@id\":\"https:\/\/www.proersa.com\/fra\/conditionnement-aerosol-ecocert\/\"},\"author\":{\"name\":\"usuari1\",\"@id\":\"http:\/\/www.proersa.com\/fra\/#\/schema\/person\/95a28de497e6b158fa53fb3c10050f27\"},\"headline\":\"PROERSA devient un des premiers conditionneurs d\u2019a\u00e9rosols \u00e0 \u00eatre certifi\u00e9 Ecocert Cosmos Natural\",\"datePublished\":\"2019-02-20T10:16:17+00:00\",\"dateModified\":\"2019-05-31T07:36:29+00:00\",\"mainEntityOfPage\":{\"@id\":\"https:\/\/www.proersa.com\/fra\/conditionnement-aerosol-ecocert\/\"},\"wordCount\":254,\"commentCount\":0,\"publisher\":{\"@id\":\"http:\/\/www.proersa.com\/fra\/#organization\"},\"image\":{\"@id\":\"https:\/\/www.proersa.com\/fra\/conditionnement-aerosol-ecocert\/#primaryimage\"},\"thumbnailUrl\":\"http:\/\/www.proersa.com\/fra\/wp-content\/uploads\/sites\/4\/2019\/02\/ecocert-cosmos.png\",\"articleSection\":[\"Sin categor\u00eda\"],\"inLanguage\":\"fr-FR\",\"potentialAction\":[{\"@type\":\"CommentAction\",\"name\":\"Comment\",\"target\":[\"https:\/\/www.proersa.com\/fra\/conditionnement-aerosol-ecocert\/#respond\"]}]},{\"@type\":\"WebPage\",\"@id\":\"https:\/\/www.proersa.com\/fra\/conditionnement-aerosol-ecocert\/\",\"url\":\"https:\/\/www.proersa.com\/fra\/conditionnement-aerosol-ecocert\/\",\"name\":\"PROERSA devient un des premiers conditionneurs d\u2019a\u00e9rosols \u00e0 \u00eatre certifi\u00e9 Ecocert Cosmos Natural - Fabrication &amp; Conditionnement d&#039;a\u00e9rosols\",\"isPartOf\":{\"@id\":\"http:\/\/www.proersa.com\/fra\/#website\"},\"primaryImageOfPage\":{\"@id\":\"https:\/\/www.proersa.com\/fra\/conditionnement-aerosol-ecocert\/#primaryimage\"},\"image\":{\"@id\":\"https:\/\/www.proersa.com\/fra\/conditionnement-aerosol-ecocert\/#primaryimage\"},\"thumbnailUrl\":\"http:\/\/www.proersa.com\/fra\/wp-content\/uploads\/sites\/4\/2019\/02\/ecocert-cosmos.png\",\"datePublished\":\"2019-02-20T10:16:17+00:00\",\"dateModified\":\"2019-05-31T07:36:29+00:00\",\"breadcrumb\":{\"@id\":\"https:\/\/www.proersa.com\/fra\/conditionnement-aerosol-ecocert\/#breadcrumb\"},\"inLanguage\":\"fr-FR\",\"potentialAction\":[{\"@type\":\"ReadAction\",\"target\":[\"https:\/\/www.proersa.com\/fra\/conditionnement-aerosol-ecocert\/\"]}]},{\"@type\":\"ImageObject\",\"inLanguage\":\"fr-FR\",\"@id\":\"https:\/\/www.proersa.com\/fra\/conditionnement-aerosol-ecocert\/#primaryimage\",\"url\":\"https:\/\/www.proersa.com\/fra\/wp-content\/uploads\/sites\/4\/2019\/02\/ecocert-cosmos.png\",\"contentUrl\":\"https:\/\/www.proersa.com\/fra\/wp-content\/uploads\/sites\/4\/2019\/02\/ecocert-cosmos.png\",\"width\":221,\"height\":228},{\"@type\":\"BreadcrumbList\",\"@id\":\"https:\/\/www.proersa.com\/fra\/conditionnement-aerosol-ecocert\/#breadcrumb\",\"itemListElement\":[{\"@type\":\"ListItem\",\"position\":1,\"name\":\"Portada\",\"item\":\"http:\/\/www.proersa.com\/fra\/\"},{\"@type\":\"ListItem\",\"position\":2,\"name\":\"PROERSA devient un des premiers conditionneurs d\u2019a\u00e9rosols \u00e0 \u00eatre certifi\u00e9 Ecocert Cosmos Natural\"}]},{\"@type\":\"WebSite\",\"@id\":\"http:\/\/www.proersa.com\/fra\/#website\",\"url\":\"http:\/\/www.proersa.com\/fra\/\",\"name\":\"Fabrication &amp; Conditionnement d&#039;a\u00e9rosols\",\"description\":\"Proersa Aerosoles - fabricant d\u2019a\u00e9rosols - sous traitance industrielle pour vos produits cosm\u00e9tiques\",\"publisher\":{\"@id\":\"http:\/\/www.proersa.com\/fra\/#organization\"},\"potentialAction\":[{\"@type\":\"SearchAction\",\"target\":{\"@type\":\"EntryPoint\",\"urlTemplate\":\"http:\/\/www.proersa.com\/fra\/?s={search_term_string}\"},\"query-input\":{\"@type\":\"PropertyValueSpecification\",\"valueRequired\":true,\"valueName\":\"search_term_string\"}}],\"inLanguage\":\"fr-FR\"},{\"@type\":\"Organization\",\"@id\":\"http:\/\/www.proersa.com\/fra\/#organization\",\"name\":\"Fabrication &amp; Conditionnement d&#039;a\u00e9rosols\",\"url\":\"http:\/\/www.proersa.com\/fra\/\",\"logo\":{\"@type\":\"ImageObject\",\"inLanguage\":\"fr-FR\",\"@id\":\"http:\/\/www.proersa.com\/fra\/#\/schema\/logo\/image\/\",\"url\":\"https:\/\/www.proersa.com\/fra\/wp-content\/uploads\/sites\/4\/2019\/01\/Proersa_logo_aerosoles50_aniversary.jpg\",\"contentUrl\":\"https:\/\/www.proersa.com\/fra\/wp-content\/uploads\/sites\/4\/2019\/01\/Proersa_logo_aerosoles50_aniversary.jpg\",\"width\":263,\"height\":63,\"caption\":\"Fabrication &amp; Conditionnement d&#039;a\u00e9rosols\"},\"image\":{\"@id\":\"http:\/\/www.proersa.com\/fra\/#\/schema\/logo\/image\/\"}},{\"@type\":\"Person\",\"@id\":\"http:\/\/www.proersa.com\/fra\/#\/schema\/person\/95a28de497e6b158fa53fb3c10050f27\",\"name\":\"usuari1\",\"image\":{\"@type\":\"ImageObject\",\"inLanguage\":\"fr-FR\",\"@id\":\"http:\/\/www.proersa.com\/fra\/#\/schema\/person\/image\/\",\"url\":\"https:\/\/secure.gravatar.com\/avatar\/328b7bf50a5ec6c27f5ed7c9128e3ceb?s=96&d=mm&r=g\",\"contentUrl\":\"https:\/\/secure.gravatar.com\/avatar\/328b7bf50a5ec6c27f5ed7c9128e3ceb?s=96&d=mm&r=g\",\"caption\":\"usuari1\"},\"url\":\"https:\/\/www.proersa.com\/fra\/author\/anthony1\/\"}]}<\/script>\n<!-- \/ Yoast SEO plugin. -->","yoast_head_json":{"title":"PROERSA devient un des premiers conditionneurs d\u2019a\u00e9rosols \u00e0 \u00eatre certifi\u00e9 Ecocert Cosmos Natural - Fabrication &amp; Conditionnement d&#039;a\u00e9rosols","robots":{"index":"index","follow":"follow","max-snippet":"max-snippet:-1","max-image-preview":"max-image-preview:large","max-video-preview":"max-video-preview:-1"},"canonical":"https:\/\/www.proersa.com\/fra\/conditionnement-aerosol-ecocert\/","og_locale":"fr_FR","og_type":"article","og_title":"PROERSA devient un des premiers conditionneurs d\u2019a\u00e9rosols \u00e0 \u00eatre certifi\u00e9 Ecocert Cosmos Natural - Fabrication &amp; Conditionnement d&#039;a\u00e9rosols","og_description":"PROERSA devient un des premiers conditionneurs d\u2019a\u00e9rosols \u00e0 \u00eatre Ecocert Cosmos Natural Depuis le 29\/01\/19, PROERSA est certifi\u00e9 Ecocert Cosmos. [&hellip;]","og_url":"https:\/\/www.proersa.com\/fra\/conditionnement-aerosol-ecocert\/","og_site_name":"Fabrication &amp; Conditionnement d&#039;a\u00e9rosols","article_published_time":"2019-02-20T10:16:17+00:00","article_modified_time":"2019-05-31T07:36:29+00:00","og_image":[{"url":"http:\/\/www.proersa.com\/fra\/wp-content\/uploads\/sites\/4\/2019\/02\/ecocert-cosmos.png","type":"","width":"","height":""}],"author":"usuari1","twitter_card":"summary_large_image","twitter_misc":{"\u00c9crit par":"usuari1","Dur\u00e9e de lecture estim\u00e9e":"1 minute"},"schema":{"@context":"https:\/\/schema.org","@graph":[{"@type":"Article","@id":"https:\/\/www.proersa.com\/fra\/conditionnement-aerosol-ecocert\/#article","isPartOf":{"@id":"https:\/\/www.proersa.com\/fra\/conditionnement-aerosol-ecocert\/"},"author":{"name":"usuari1","@id":"http:\/\/www.proersa.com\/fra\/#\/schema\/person\/95a28de497e6b158fa53fb3c10050f27"},"headline":"PROERSA devient un des premiers conditionneurs d\u2019a\u00e9rosols \u00e0 \u00eatre certifi\u00e9 Ecocert Cosmos Natural","datePublished":"2019-02-20T10:16:17+00:00","dateModified":"2019-05-31T07:36:29+00:00","mainEntityOfPage":{"@id":"https:\/\/www.proersa.com\/fra\/conditionnement-aerosol-ecocert\/"},"wordCount":254,"commentCount":0,"publisher":{"@id":"http:\/\/www.proersa.com\/fra\/#organization"},"image":{"@id":"https:\/\/www.proersa.com\/fra\/conditionnement-aerosol-ecocert\/#primaryimage"},"thumbnailUrl":"http:\/\/www.proersa.com\/fra\/wp-content\/uploads\/sites\/4\/2019\/02\/ecocert-cosmos.png","articleSection":["Sin categor\u00eda"],"inLanguage":"fr-FR","potentialAction":[{"@type":"CommentAction","name":"Comment","target":["https:\/\/www.proersa.com\/fra\/conditionnement-aerosol-ecocert\/#respond"]}]},{"@type":"WebPage","@id":"https:\/\/www.proersa.com\/fra\/conditionnement-aerosol-ecocert\/","url":"https:\/\/www.proersa.com\/fra\/conditionnement-aerosol-ecocert\/","name":"PROERSA devient un des premiers conditionneurs d\u2019a\u00e9rosols \u00e0 \u00eatre certifi\u00e9 Ecocert Cosmos Natural - Fabrication &amp; Conditionnement d&#039;a\u00e9rosols","isPartOf":{"@id":"http:\/\/www.proersa.com\/fra\/#website"},"primaryImageOfPage":{"@id":"https:\/\/www.proersa.com\/fra\/conditionnement-aerosol-ecocert\/#primaryimage"},"image":{"@id":"https:\/\/www.proersa.com\/fra\/conditionnement-aerosol-ecocert\/#primaryimage"},"thumbnailUrl":"http:\/\/www.proersa.com\/fra\/wp-content\/uploads\/sites\/4\/2019\/02\/ecocert-cosmos.png","datePublished":"2019-02-20T10:16:17+00:00","dateModified":"2019-05-31T07:36:29+00:00","breadcrumb":{"@id":"https:\/\/www.proersa.com\/fra\/conditionnement-aerosol-ecocert\/#breadcrumb"},"inLanguage":"fr-FR","potentialAction":[{"@type":"ReadAction","target":["https:\/\/www.proersa.com\/fra\/conditionnement-aerosol-ecocert\/"]}]},{"@type":"ImageObject","inLanguage":"fr-FR","@id":"https:\/\/www.proersa.com\/fra\/conditionnement-aerosol-ecocert\/#primaryimage","url":"https:\/\/www.proersa.com\/fra\/wp-content\/uploads\/sites\/4\/2019\/02\/ecocert-cosmos.png","contentUrl":"https:\/\/www.proersa.com\/fra\/wp-content\/uploads\/sites\/4\/2019\/02\/ecocert-cosmos.png","width":221,"height":228},{"@type":"BreadcrumbList","@id":"https:\/\/www.proersa.com\/fra\/conditionnement-aerosol-ecocert\/#breadcrumb","itemListElement":[{"@type":"ListItem","position":1,"name":"Portada","item":"http:\/\/www.proersa.com\/fra\/"},{"@type":"ListItem","position":2,"name":"PROERSA devient un des premiers conditionneurs d\u2019a\u00e9rosols \u00e0 \u00eatre certifi\u00e9 Ecocert Cosmos Natural"}]},{"@type":"WebSite","@id":"http:\/\/www.proersa.com\/fra\/#website","url":"http:\/\/www.proersa.com\/fra\/","name":"Fabrication &amp; Conditionnement d&#039;a\u00e9rosols","description":"Proersa Aerosoles - fabricant d\u2019a\u00e9rosols - sous traitance industrielle pour vos produits cosm\u00e9tiques","publisher":{"@id":"http:\/\/www.proersa.com\/fra\/#organization"},"potentialAction":[{"@type":"SearchAction","target":{"@type":"EntryPoint","urlTemplate":"http:\/\/www.proersa.com\/fra\/?s={search_term_string}"},"query-input":{"@type":"PropertyValueSpecification","valueRequired":true,"valueName":"search_term_string"}}],"inLanguage":"fr-FR"},{"@type":"Organization","@id":"http:\/\/www.proersa.com\/fra\/#organization","name":"Fabrication &amp; Conditionnement d&#039;a\u00e9rosols","url":"http:\/\/www.proersa.com\/fra\/","logo":{"@type":"ImageObject","inLanguage":"fr-FR","@id":"http:\/\/www.proersa.com\/fra\/#\/schema\/logo\/image\/","url":"https:\/\/www.proersa.com\/fra\/wp-content\/uploads\/sites\/4\/2019\/01\/Proersa_logo_aerosoles50_aniversary.jpg","contentUrl":"https:\/\/www.proersa.com\/fra\/wp-content\/uploads\/sites\/4\/2019\/01\/Proersa_logo_aerosoles50_aniversary.jpg","width":263,"height":63,"caption":"Fabrication &amp; Conditionnement d&#039;a\u00e9rosols"},"image":{"@id":"http:\/\/www.proersa.com\/fra\/#\/schema\/logo\/image\/"}},{"@type":"Person","@id":"http:\/\/www.proersa.com\/fra\/#\/schema\/person\/95a28de497e6b158fa53fb3c10050f27","name":"usuari1","image":{"@type":"ImageObject","inLanguage":"fr-FR","@id":"http:\/\/www.proersa.com\/fra\/#\/schema\/person\/image\/","url":"https:\/\/secure.gravatar.com\/avatar\/328b7bf50a5ec6c27f5ed7c9128e3ceb?s=96&d=mm&r=g","contentUrl":"https:\/\/secure.gravatar.com\/avatar\/328b7bf50a5ec6c27f5ed7c9128e3ceb?s=96&d=mm&r=g","caption":"usuari1"},"url":"https:\/\/www.proersa.com\/fra\/author\/anthony1\/"}]}},"_links":{"self":[{"href":"https:\/\/www.proersa.com\/fra\/wp-json\/wp\/v2\/posts\/250","targetHints":{"allow":["GET"]}}],"collection":[{"href":"https:\/\/www.proersa.com\/fra\/wp-json\/wp\/v2\/posts"}],"about":[{"href":"https:\/\/www.proersa.com\/fra\/wp-json\/wp\/v2\/types\/post"}],"author":[{"embeddable":true,"href":"https:\/\/www.proersa.com\/fra\/wp-json\/wp\/v2\/users\/3"}],"replies":[{"embeddable":true,"href":"https:\/\/www.proersa.com\/fra\/wp-json\/wp\/v2\/comments?post=250"}],"version-history":[{"count":5,"href":"https:\/\/www.proersa.com\/fra\/wp-json\/wp\/v2\/posts\/250\/revisions"}],"predecessor-version":[{"id":397,"href":"https:\/\/www.proersa.com\/fra\/wp-json\/wp\/v2\/posts\/250\/revisions\/397"}],"wp:attachment":[{"href":"https:\/\/www.proersa.com\/fra\/wp-json\/wp\/v2\/media?parent=250"}],"wp:term":[{"taxonomy":"category","embeddable":true,"href":"https:\/\/www.proersa.com\/fra\/wp-json\/wp\/v2\/categories?post=250"},{"taxonomy":"post_tag","embeddable":true,"href":"https:\/\/www.proersa.com\/fra\/wp-json\/wp\/v2\/tags?post=250"}],"curies":[{"name":"wp","href":"https:\/\/api.w.org\/{rel}","templated":true}]}}